{"id":395,"date":"2023-02-26T14:00:00","date_gmt":"2023-02-26T13:00:00","guid":{"rendered":"https:\/\/danilegazfotografo.com\/?p=395"},"modified":"2024-03-20T10:29:56","modified_gmt":"2024-03-20T09:29:56","slug":"cuales-son-las-mejores-edades-para-fotografiar-el-primer-ano-de-vida-de-mi-bebe","status":"publish","type":"post","link":"https:\/\/danilegazfotografo.com\/ca\/cuales-son-las-mejores-edades-para-fotografiar-el-primer-ano-de-vida-de-mi-bebe\/","title":{"rendered":"QUINES S\u00d3N LES MILLORS EDATS PER FOTOGRAFIAR EL PRIMER ANY DE VIDA DEL MEU NAD\u00d3?"},"content":{"rendered":"<p>Esta pregunta me la hac\u00e9is much\u00edsimo, y es que s\u00e9 que el primer a\u00f1o del beb\u00e9 es un viaje muy emocionante para los padres, ya que cada d\u00eda, el beb\u00e9 experimenta cambios significativos en su apariencia, personalidad y habilidades.&nbsp;<\/p>\n\n\n\n<p>Por eso me he animado a escribir ciertas recomendaciones que, desde mi experiencia c\u00f3mo fot\u00f3grafo, os pueden servir much\u00edsimo, a todos aquellos papis que quer\u00e9is capturar esos momentos especiales con sesiones fotogr\u00e1ficas, para tener un recuerdo duradero del peque mientras va creciendo durante ese maravilloso primer a\u00f1o que es tan ic\u00f3nico.&nbsp;<\/p>\n\n\n\n<p>As\u00ed que si te est\u00e1s preguntado,<em> \u00bfcu\u00e1l es la mejor edad para realizar una sesi\u00f3n fotogr\u00e1fica a tu beb\u00e9 en su primer a\u00f1o de vida?,<\/em> te comparto las mejores edades en las que puedes hacer sesiones de fotos maravillosas, porque ver\u00e1s grandes cambios entre sesi\u00f3n y sesi\u00f3n:<\/p>\n\n\n\n<ol><li><strong><em>Reci\u00e9n nacido (0-2 semanas):<\/em> <\/strong>La edad m\u00e1s temprana para hacer una sesi\u00f3n fotogr\u00e1fica es cuando el beb\u00e9 tiene entre 0 y 2 semanas de edad. En este momento, el beb\u00e9 todav\u00eda est\u00e1 en su fase de reci\u00e9n nacido y tiene un sue\u00f1o m\u00e1s profundo y constante. Esto hace que sea m\u00e1s f\u00e1cil para nosotros capturar fotos \u00fanicas y art\u00edsticas. Adem\u00e1s, los reci\u00e9n nacidos cambian r\u00e1pidamente, por lo que si est\u00e1s pensando guardar su carita reci\u00e9n salido de la barriguita es importante no dejar pasar las semanas. Es una sesi\u00f3n muy tierna, \u00fanica y m\u00e1gica. Un recuerdo al que volver\u00e1s una y otra vez para rememorar esos primeros momentos a vuestro lado.<\/li><\/ol>\n\n\n\n<figure class=\"wp-block-gallery has-nested-images columns-default is-cropped wp-block-gallery-1 is-layout-flex wp-block-gallery-is-layout-flex\">\n<figure class=\"wp-block-image size-large is-style-default\"><a href=\"https:\/\/danilegazfotografo.com\/wp-content\/uploads\/2023\/02\/086-scaled.jpg\"><img loading=\"lazy\" decoding=\"async\" width=\"683\" height=\"1024\" data-id=\"408\" src=\"https:\/\/danilegazfotografo.com\/wp-content\/uploads\/2023\/02\/086-683x1024.jpg\" alt=\"Cuales-son-las-mejores-edades-para-fotografiar-el-primer-a\u00f1o-de-vida-de-mi-bebe-1\" class=\"wp-image-408\"\/><\/a><\/figure>\n\n\n\n<figure class=\"wp-block-image size-large\"><a href=\"https:\/\/danilegazfotografo.com\/wp-content\/uploads\/2023\/02\/PAG_013-DANA__463-scaled.jpg\"><img loading=\"lazy\" decoding=\"async\" width=\"683\" height=\"1024\" data-id=\"410\" src=\"https:\/\/danilegazfotografo.com\/wp-content\/uploads\/2023\/02\/PAG_013-DANA__463-683x1024.jpg\" alt=\"Cuales-son-las-mejores-edades-para-fotografiar-el-primer-a\u00f1o-de-vida-de-mi-bebe-2\" class=\"wp-image-410\"\/><\/a><\/figure>\n\n\n\n<figure class=\"wp-block-image size-large\"><a href=\"https:\/\/danilegazfotografo.com\/wp-content\/uploads\/2023\/02\/PAG_014-DANA__500-scaled.jpg\"><img loading=\"lazy\" decoding=\"async\" width=\"683\" height=\"1024\" data-id=\"409\" src=\"https:\/\/danilegazfotografo.com\/wp-content\/uploads\/2023\/02\/PAG_014-DANA__500-683x1024.jpg\" alt=\"Cuales-son-las-mejores-edades-para-fotografiar-el-primer-a\u00f1o-de-vida-de-mi-bebe-3\" class=\"wp-image-409\"\/><\/a><\/figure>\n\n\n\n<figure class=\"wp-block-image size-large\"><a href=\"https:\/\/danilegazfotografo.com\/wp-content\/uploads\/2023\/02\/PAG_016-DANA__497-scaled.jpg\"><img loading=\"lazy\" decoding=\"async\" width=\"846\" height=\"1024\" data-id=\"411\" src=\"https:\/\/danilegazfotografo.com\/wp-content\/uploads\/2023\/02\/PAG_016-DANA__497-846x1024.jpg\" alt=\"Cuales-son-las-mejores-edades-para-fotografiar-el-primer-a\u00f1o-de-vida-de-mi-bebe-4\" class=\"wp-image-411\"\/><\/a><\/figure>\n<\/figure>\n\n\n\n<p><\/p>\n\n\n\n<ol start=\"2\"><li><em><strong>3-4 meses:<\/strong><\/em> Cuando el beb\u00e9 tiene entre 3 y 4 meses, comienzan a sonre\u00edr y hacer contacto visual con m\u00e1s frecuencia, lo que da como resultado unas fotos m\u00e1s emotivas y divertidas. A esta edad, el beb\u00e9 tambi\u00e9n puede sostener la cabeza, lo que nos permite capturar im\u00e1genes m\u00e1s interesantes en diferentes poses. Unas fotos preciosas, donde podr\u00e1s inmortalizar a tu beb\u00e9, que ya r\u00ede y reacciona a tus cantos y bailes para sacarle una gran sonrisa.<\/li><\/ol>\n\n\n\n<figure class=\"wp-block-image size-large\"><a href=\"https:\/\/danilegazfotografo.com\/wp-content\/uploads\/2023\/02\/048-2-1-scaled.jpg\"><img loading=\"lazy\" decoding=\"async\" width=\"1024\" height=\"683\" src=\"https:\/\/danilegazfotografo.com\/wp-content\/uploads\/2023\/02\/048-2-1-1024x683.jpg\" alt=\"Cuales-son-las-mejores-edades-para-fotografiar-el-primer-a\u00f1o-de-vida-de-mi-bebe-5\" class=\"wp-image-427\" srcset=\"https:\/\/danilegazfotografo.com\/wp-content\/uploads\/2023\/02\/048-2-1-980x654.jpg 980w, https:\/\/danilegazfotografo.com\/wp-content\/uploads\/2023\/02\/048-2-1-480x320.jpg 480w\" sizes=\"(min-width: 0px) and (max-width: 480px) 480px, (min-width: 481px) and (max-width: 980px) 980px, (min-width: 981px) 1024px, 100vw\" \/><\/a><\/figure>\n\n\n\n<ol start=\"3\"><li><em><strong>6-8 meses:<\/strong><\/em> Cuando el beb\u00e9 tiene entre 6 y 8 meses, comienza a moverse m\u00e1s y a desarrollar su personalidad \u00fanica. A esta edad, pueden sentarse sin apoyo y gatear, lo que ofrece una variedad de oportunidades para capturar fotos \u00fanicas y en\u00e9rgicas. Adem\u00e1s, los beb\u00e9s a esta edad a menudo son curiosos y exploradores, lo que nos permite capturar fotos espont\u00e1neas y emocionantes. Estas fotos son muy divertidas con los peque\u00f1os escapistas.&nbsp;<\/li><\/ol>\n\n\n\n<figure class=\"wp-block-image size-large\"><a href=\"https:\/\/danilegazfotografo.com\/wp-content\/uploads\/2023\/02\/DSCF6477-1.jpg\"><img loading=\"lazy\" decoding=\"async\" width=\"1024\" height=\"683\" src=\"https:\/\/danilegazfotografo.com\/wp-content\/uploads\/2023\/02\/DSCF6477-1-1024x683.jpg\" alt=\"Cuales-son-las-mejores-edades-para-fotografiar-el-primer-a\u00f1o-de-vida-de-mi-bebe-6\" class=\"wp-image-414\" srcset=\"https:\/\/danilegazfotografo.com\/wp-content\/uploads\/2023\/02\/DSCF6477-1-980x653.jpg 980w, https:\/\/danilegazfotografo.com\/wp-content\/uploads\/2023\/02\/DSCF6477-1-480x320.jpg 480w\" sizes=\"(min-width: 0px) and (max-width: 480px) 480px, (min-width: 481px) and (max-width: 980px) 980px, (min-width: 981px) 1024px, 100vw\" \/><\/a><\/figure>\n\n\n\n<ol start=\"4\"><li><em><strong>12 meses:<\/strong> <\/em>Lleg\u00f3 el gran momento, \u00a1el primer a\u00f1ito del beb\u00e9! Cuando tu beb\u00e9 cumple su primer a\u00f1o de vida, se considera una edad importante y significativa para hacer una sesi\u00f3n fotogr\u00e1fica. En este momento, el beb\u00e9 a menudo comienza a dar sus primeros pasos y a explorar el mundo con mayor independencia. En el mundo fotogr\u00e1fico se conocen como Smash Cake, y son sesiones tiernas, deliciosas, muy emotivas y, sobre todo, divertidas.&nbsp;<\/li><\/ol>\n\n\n\n<figure class=\"wp-block-image size-large\"><a href=\"https:\/\/danilegazfotografo.com\/wp-content\/uploads\/2023\/02\/ROI__155-1-scaled.jpg\"><img loading=\"lazy\" decoding=\"async\" width=\"1024\" height=\"683\" src=\"https:\/\/danilegazfotografo.com\/wp-content\/uploads\/2023\/02\/ROI__155-1-1024x683.jpg\" alt=\"Cuales-son-las-mejores-edades-para-fotografiar-el-primer-a\u00f1o-de-vida-de-mi-bebe-7\" class=\"wp-image-415\" srcset=\"https:\/\/danilegazfotografo.com\/wp-content\/uploads\/2023\/02\/ROI__155-1-980x653.jpg 980w, https:\/\/danilegazfotografo.com\/wp-content\/uploads\/2023\/02\/ROI__155-1-480x320.jpg 480w\" sizes=\"(min-width: 0px) and (max-width: 480px) 480px, (min-width: 481px) and (max-width: 980px) 980px, (min-width: 981px) 1024px, 100vw\" \/><\/a><\/figure>\n\n\n\n<p>El primer a\u00f1o es tan emocionante y los peques cambian tan r\u00e1pido, que es dif\u00edcil decidir\u2026lo s\u00e9, porque quer\u00e9is guardar todos y cada uno de esos momentos enmarcados, no solo en vuestra memoria, sino en el sal\u00f3n de casa. Por eso, he preparado un pack incre\u00edble, con los principales hitos de tu beb\u00e9 en su primer a\u00f1o de vida, para que puedas tener fotos hermosas y que no est\u00e9n solo en tu m\u00f3vil.<\/p>\n\n\n\n<figure class=\"wp-block-image aligncenter size-full is-resized\"><a href=\"https:\/\/app.uphlow.com\/booking\/iXejpDzm9FcpfEv8e\"><img loading=\"lazy\" decoding=\"async\" src=\"https:\/\/danilegazfotografo.com\/wp-content\/uploads\/2023\/02\/12.png\" alt=\"\" class=\"wp-image-398\" width=\"419\" height=\"119\"\/><\/a><\/figure>\n\n\n\n<p>Con el paquete: <strong>Su primer a\u00f1ito<\/strong>, disfrutar\u00e1s de 3 sesiones muy especiales, ya que est\u00e1 pensado para todas las mam\u00e1s y pap\u00e1s que no os quer\u00e9is perder ninguna de las fases m\u00e1s importantes del primer a\u00f1o de vida de vuestro beb\u00e9.<\/p>\n\n\n\n<p>Contratando este paquete disfrutar\u00e1s de 20 fotograf\u00edas en digital (5 archivos en la sesi\u00f3n de 4 meses, 5 archivos en la sesi\u00f3n de 8 meses y 10 archivos en la sesi\u00f3n de 12 meses) que escoger\u00e1s en una galer\u00eda online y privada y que podr\u00e1s descargar al momento de recibirlas y adem\u00e1s un precioso \u00e1lbum de 20&#215;20 cm al finalizar los 3 reportajes.<\/p>\n\n\n\n<p>Una pasada, porque es muy dif\u00edcil en esta \u00e9poca que nos detengamos a hacer \u00e1lbumes y con este paquete ya os lo dejamos listo, para que pod\u00e1is volver una y otra vez a ese maravillo primer a\u00f1ito e irle mostrando al peque\u00f1ajo c\u00f3mo ha crecido.&nbsp;<\/p>\n\n\n\n<p>Tambi\u00e9n recibir\u00e9is, tres \u00e1lbumes tama\u00f1o 15&#215;15 copia del tuyo para que quedes genial con todos los que m\u00e1s os quieren. Con este regalo los abuelos, padrinos y t\u00edos quedar\u00e1n felices.&nbsp;<\/p>\n\n\n\n<p>S\u00e9 que os interesa saber la duraci\u00f3n de cada sesi\u00f3n. Para que el peque est\u00e9 c\u00f3modo y relajado, haremos sesiones de 30 minutos en nuestro estudio en un precioso e \u00edntimo decorado en el que tu peque ser\u00e1 el protagonista absoluto.&nbsp;<\/p>\n\n\n\n<p>Lo ideal es que os anim\u00e9is a contratar este pack justo despu\u00e9s de la sesi\u00f3n de reci\u00e9n nacido, as\u00ed podemos ir bloqueando los huecos en la agenda y tener ya todo preparado para captar esos hermosos y \u00fanicos momentos.<\/p>\n\n\n\n<figure class=\"wp-block-image aligncenter size-full is-resized\"><a href=\"https:\/\/api.whatsapp.com\/send\/?phone=%2B34671031960&amp;text&amp;type=phone_number&amp;app_absent=0\"><img loading=\"lazy\" decoding=\"async\" src=\"Vull contractar ja!\" alt=\"\" class=\"wp-image-399\" width=\"405\" height=\"116\"\/><\/a><\/figure>\n\n\n\n<h2 class=\"wp-block-heading\"><em>\u00bfTen\u00e9is m\u00e1s preguntas?<\/em><\/h2>\n\n\n\n<p>S\u00e9 que pod\u00e9is tener muchas preguntas, al considerar la contrataci\u00f3n de un pack fotogr\u00e1fico de seguimiento de primer a\u00f1o de tu beb\u00e9, as\u00ed que para hacerlo m\u00e1s f\u00e1cil he hecho una lista con las preguntas que m\u00e1s me hac\u00e9is los papis al momento de interesarse por la sesi\u00f3n:<\/p>\n\n\n\n<h3 class=\"wp-block-heading\"><em>\u00bfQu\u00e9 incluye el pack fotogr\u00e1fico de seguimiento de primer a\u00f1o de mi beb\u00e9?&nbsp;<\/em><\/h3>\n\n\n\n<p><strong>El pack <em>Su primer a\u00f1ito<\/em> incluye:<\/strong><\/p>\n\n\n\n<ul><li>3 sesiones en los hitos m\u00e1s importantes del primer a\u00f1o de tu beb\u00e9. A los 4, a los 8 y a los 12 meses.&nbsp;<\/li><li>Disfrutar\u00e1s de un total de 20 fotograf\u00edas en digital (5 archivos en la sesi\u00f3n de 4 meses, 5 archivos en la sesi\u00f3n de 8 meses y 10 archivos en la sesi\u00f3n de 12 meses) que escoger\u00e1s en una galer\u00eda online y privada y que podr\u00e1s descargar al momento de recibirlas<\/li><li>Un precioso \u00e1lbum de 20&#215;20 cm al finalizar los 3 reportajes.<\/li><li>Y por si fuera poco, tambi\u00e9n recibir\u00e9is, tres \u00e1lbumes tama\u00f1o 15&#215;15 copia del tuyo.<\/li><\/ul>\n\n\n\n<p>Adem\u00e1s, durante el proceso tendr\u00e1s mi acompa\u00f1amiento en cuanto a:<\/p>\n\n\n\n<ul><li>Asesoramiento<\/li><li>Vestuario<\/li><\/ul>\n\n\n\n<h3 class=\"wp-block-heading\"><em><strong>2. \u00bfCu\u00e1nto tiempo debo programar el reportaje?&nbsp;<\/strong><\/em><\/h3>\n\n\n\n<p>Es importante reservar la sesi\u00f3n fotogr\u00e1fica con suficiente anticipaci\u00f3n para asegurarte que tendremos disponibilidad en las fechas. La reserva se realiza a trav\u00e9s de una se\u00f1al de 100\u202f\u20ac en el momento de la contrataci\u00f3n.<\/p>\n\n\n\n<h3 class=\"wp-block-heading\"><strong>3. <em>\u00bfPuedo personalizar mi reportaje?&nbsp;<\/em><\/strong><\/h3>\n\n\n\n<p>Si tienes alguna idea espec\u00edfica en mente para las fotos de tu beb\u00e9, solo debes preguntarme y har\u00e9 todo lo que est\u00e9 en mis manos para personalizar la sesi\u00f3n de tu beb\u00e9 y que sea un recuerdo \u00fanico del primer a\u00f1ito de vida de tu hijo.<\/p>\n\n\n\n<p>De hecho, me encantan est\u00e1s fotos que os comparto de unos papis con una sesi\u00f3n muy Vikinga, que le dio un toque muy especial, y muy personalizado. As\u00ed que si ten\u00e9is laguna tem\u00e1tica en mente, lo podemos hablar porque es de las cosas que m\u00e1s me mola hacer.&nbsp;<\/p>\n\n\n\n<figure class=\"wp-block-gallery has-nested-images columns-default is-cropped wp-block-gallery-2 is-layout-flex wp-block-gallery-is-layout-flex\">\n<figure class=\"wp-block-image size-large\"><a href=\"https:\/\/danilegazfotografo.com\/wp-content\/uploads\/2023\/02\/YAJAIRA__116-scaled.jpg\"><img loading=\"lazy\" decoding=\"async\" width=\"510\" height=\"1024\" data-id=\"416\" src=\"https:\/\/danilegazfotografo.com\/wp-content\/uploads\/2023\/02\/YAJAIRA__116-510x1024.jpg\" alt=\"Cuales-son-las-mejores-edades-para-fotografiar-el-primer-a\u00f1o-de-vida-de-mi-bebe-8\" class=\"wp-image-416\"\/><\/a><\/figure>\n\n\n\n<figure class=\"wp-block-image size-large\"><a href=\"https:\/\/danilegazfotografo.com\/wp-content\/uploads\/2023\/02\/YAJAIRA__107-scaled.jpg\"><img loading=\"lazy\" decoding=\"async\" width=\"683\" height=\"1024\" data-id=\"421\" src=\"https:\/\/danilegazfotografo.com\/wp-content\/uploads\/2023\/02\/YAJAIRA__107-683x1024.jpg\" alt=\"Cuales-son-las-mejores-edades-para-fotografiar-el-primer-a\u00f1o-de-vida-de-mi-bebe-9\" class=\"wp-image-421\"\/><\/a><\/figure>\n\n\n\n<figure class=\"wp-block-image size-large\"><a href=\"https:\/\/danilegazfotografo.com\/wp-content\/uploads\/2023\/02\/YAJAIRA___767-scaled.jpg\"><img loading=\"lazy\" decoding=\"async\" width=\"683\" height=\"1024\" data-id=\"420\" src=\"https:\/\/danilegazfotografo.com\/wp-content\/uploads\/2023\/02\/YAJAIRA___767-683x1024.jpg\" alt=\"Cuales-son-las-mejores-edades-para-fotografiar-el-primer-a\u00f1o-de-vida-de-mi-bebe-10\" class=\"wp-image-420\"\/><\/a><\/figure>\n<\/figure>\n\n\n\n<figure class=\"wp-block-gallery has-nested-images columns-default is-cropped wp-block-gallery-3 is-layout-flex wp-block-gallery-is-layout-flex\">\n<figure class=\"wp-block-image size-large\"><a href=\"https:\/\/danilegazfotografo.com\/wp-content\/uploads\/2023\/02\/YAJAIRA____848-1-scaled.jpg\"><img loading=\"lazy\" decoding=\"async\" width=\"683\" height=\"1024\" data-id=\"423\" src=\"https:\/\/danilegazfotografo.com\/wp-content\/uploads\/2023\/02\/YAJAIRA____848-1-683x1024.jpg\" alt=\"Cuales-son-las-mejores-edades-para-fotografiar-el-primer-a\u00f1o-de-vida-de-mi-bebe-11\" class=\"wp-image-423\"\/><\/a><\/figure>\n\n\n\n<figure class=\"wp-block-image size-large\"><a href=\"https:\/\/danilegazfotografo.com\/wp-content\/uploads\/2023\/02\/YAJAIRA____894-scaled.jpg\"><img loading=\"lazy\" decoding=\"async\" width=\"683\" height=\"1024\" data-id=\"425\" src=\"https:\/\/danilegazfotografo.com\/wp-content\/uploads\/2023\/02\/YAJAIRA____894-683x1024.jpg\" alt=\"Cuales-son-las-mejores-edades-para-fotografiar-el-primer-a\u00f1o-de-vida-de-mi-bebe-12\" class=\"wp-image-425\"\/><\/a><\/figure>\n\n\n\n<figure class=\"wp-block-image size-large\"><a href=\"https:\/\/danilegazfotografo.com\/wp-content\/uploads\/2023\/02\/YAJAIRA___606-1-scaled.jpg\"><img loading=\"lazy\" decoding=\"async\" width=\"683\" height=\"1024\" data-id=\"424\" src=\"https:\/\/danilegazfotografo.com\/wp-content\/uploads\/2023\/02\/YAJAIRA___606-1-683x1024.jpg\" alt=\"Cuales-son-las-mejores-edades-para-fotografiar-el-primer-a\u00f1o-de-vida-de-mi-bebe-13\" class=\"wp-image-424\"\/><\/a><\/figure>\n<\/figure>\n\n\n\n<p><\/p>\n\n\n\n<h3 class=\"wp-block-heading\"><em>4. \u00bfCu\u00e1nto dura cada sesi\u00f3n fotogr\u00e1fica?&nbsp;<\/em><\/h3>\n\n\n\n<p>Las sesiones de seguimiento, son mini sesiones, muy amenas para que tu beb\u00e9 est\u00e9 a gusto y consigamos sacar el m\u00e1ximo partido a la sesi\u00f3n.&nbsp;<\/p>\n\n\n\n<p>No obstante, es fundamental que planifiques adecuadamente el d\u00eda del reportaje para asegurarte de que tu beb\u00e9 est\u00e9 con todas sus necesidades cubiertas y descansado durante la sesi\u00f3n.<\/p>\n\n\n\n<h3 class=\"wp-block-heading\"><em>5. \u00bfCu\u00e1ntas fotos recibir\u00e9 de cada sesi\u00f3n fotogr\u00e1fica?&nbsp;<\/em><\/h3>\n\n\n\n<p>Disfrutar\u00e1s de un total de 20 fotograf\u00edas en digital, distribuidas de la siguiente manera:<\/p>\n\n\n\n<ul><li>5 archivos en la sesi\u00f3n de 4 meses<\/li><li>5 archivos en la sesi\u00f3n de 8 meses<\/li><li>10 archivos en la sesi\u00f3n de 12 meses<\/li><\/ul>\n\n\n\n<p>Adem\u00e1s, al finalizar recibir\u00e1s un precioso \u00e1lbum de fotos con las mejores tomas elegidas por ti.<\/p>\n\n\n\n<h3 class=\"wp-block-heading\"><em>6. \u00bfC\u00f3mo se entregan las fotos finales?&nbsp;<\/em><\/h3>\n\n\n\n<p>Las fotos se entregan 15 d\u00edas despu\u00e9s de la sesi\u00f3n a trav\u00e9s una galer\u00eda online que podr\u00e1s ver c\u00f3modamente desde casa y escoger las fotos favoritas de tu sesi\u00f3n fotogr\u00e1fica. As\u00ed que pod\u00e9is hacer una reuni\u00f3n familiar para que todos vot\u00e9is jejej<\/p>\n\n\n\n<h3 class=\"wp-block-heading\"><em>7. \u00bfQu\u00e9 m\u00e1s obtendr\u00e9 con mi sesi\u00f3n?<\/em><\/h3>\n\n\n\n<p>Con el pack de seguimiento <strong><em>Su primer a\u00f1ito<\/em><\/strong> queremos que tengas todo muy f\u00e1cil para que solo disfrutes de estos momentos \u00fanicos e irrepetibles junto a tu peque, y que dejes todo en mis manos. Por ello, vamos a estar a tu lado en todo momento, brind\u00e1ndote un paquete muy completito que incluye:<\/p>\n\n\n\n<ul><li>Asesoramiento<\/li><li>Vestuario<\/li><li>Edici\u00f3n de las fotograf\u00edas<\/li><li>Reportaje fotogr\u00e1fico con un total de 20 archivos digitales<\/li><li>Galer\u00eda privada para escoger tus fotos c\u00f3modamente&nbsp;<\/li><li>3 \u00e1lbumes impresos<\/li><\/ul>\n\n\n\n<h3 class=\"wp-block-heading\"><em>8. \u00bfQui\u00e9nes participan en la sesi\u00f3n?<\/em><\/h3>\n\n\n\n<p>Aun cuando tenemos un protagonista del que no quereos perder detalle, nos encanta que la familia se implique y aunque son mini sesiones siempre guardaos espacio para hacer al menos una fotograf\u00eda muy especial en familia.<\/p>\n\n\n\n<h3 class=\"wp-block-heading\"><em>9. \u00bfC\u00f3mo debemos ir vestidos a la sesi\u00f3n?<\/em><\/h3>\n\n\n\n<p>Estas sesiones son muy especiales, porque queremos que no os preocup\u00e9is por nada, por ello, te lo pondremos muy f\u00e1cil, ya que te enviaremos un pack bienvenida en el momento de la contrataci\u00f3n con indicaciones muy sencillas para realizar el reportaje. Adem\u00e1s, disponemos de vestuario de beb\u00e9s en el estudio en caso de que haga falta.<\/p>\n\n\n\n<p>No te preocupes de nada, que estaremos en comunicaci\u00f3n y podremos organizar los looks con margen de tiempo \ud83d\ude09<\/p>\n\n\n\n<h3 class=\"wp-block-heading\"><em>10. \u00bfC\u00f3mo se realizan los pagos?<\/em><\/h3>\n\n\n\n<p>Primero hay una reserva en concepto de se\u00f1al, y despu\u00e9s se realizar\u00e1 un pago en cada sesi\u00f3n.&nbsp;<\/p>\n\n\n\n<p>Habr\u00e1 un total de 4 pagos porque nos apetec\u00eda daros todas las facilidades para contratar.<\/p>\n\n\n\n<p>Si quieres conocer los precios, no dudes en contactarnos.<\/p>\n\n\n\n<p>No os qued\u00e9is con ninguna duda, ya sab\u00e9is que me he pasado los \u00faltimos 20 a\u00f1os de mi vida fotografiando familias, y esto me ha ense\u00f1ado un mont\u00f3n sobre los beb\u00e9s y cu\u00e1les son esos momentos perfectos para dejar enmarcados en un hermoso portarretrato en casa, as\u00ed que si queda alguna otra pregunta que se me haya escapado o quieres obtener informaci\u00f3n detallada sobre el paquete de seguimiento del primer a\u00f1o de un beb\u00e9, tan solo escr\u00edbeme, \u00a1estar\u00e9 encantado de responder a tus dudas!<\/p>\n\n\n\n<figure class=\"wp-block-image aligncenter size-full is-resized\"><a href=\"https:\/\/api.whatsapp.com\/send\/?phone=%2B34671031960&amp;text&amp;type=phone_number&amp;app_absent=0\"><img loading=\"lazy\" decoding=\"async\" src=\"https:\/\/danilegazfotografo.com\/wp-content\/uploads\/2023\/02\/15.png\" alt=\"\" class=\"wp-image-401\" width=\"397\" height=\"113\"\/><\/a><\/figure>","protected":false},"excerpt":{"rendered":"<p>Esta pregunta me la hac\u00e9is much\u00edsimo, y es que s\u00e9 que el primer a\u00f1o del beb\u00e9 es un viaje muy emocionante para los padres, ya que cada d\u00eda, el beb\u00e9 experimenta cambios significativos en su apariencia, personalidad y habilidades.&nbsp; Por eso me he animado a escribir ciertas recomendaciones que, desde mi experiencia c\u00f3mo fot\u00f3grafo, os [&hellip;]<\/p>\n","protected":false},"author":3,"featured_media":405,"comment_status":"open","ping_status":"open","sticky":false,"template":"","format":"standard","meta":{"_et_pb_use_builder":"off","_et_pb_old_content":"","_et_gb_content_width":"","two_page_speed":[],"_joinchat":[],"footnotes":""},"categories":[22],"tags":[],"yoast_head":"<!-- This site is optimized with the Yoast SEO plugin v24.3 - https:\/\/yoast.com\/wordpress\/plugins\/seo\/ -->\n<title>\u00bfCu\u00e1les son las mejores edades para fotografiar el primer a\u00f1o de vida de mi beb\u00e9? - Estudio fotogr\u00e1fico especializado en fotograf\u00eda infantil, maternidad, beb\u00e9s y familias en Vila Seca Tarragona | Dani Legaz Fotograf\u00eda<\/title>\n<meta name=\"robots\" content=\"index, follow, max-snippet:-1, max-image-preview:large, max-video-preview:-1\" \/>\n<link rel=\"canonical\" href=\"https:\/\/danilegazfotografo.com\/ca\/cuales-son-las-mejores-edades-para-fotografiar-el-primer-ano-de-vida-de-mi-bebe\/\" \/>\n<meta property=\"og:locale\" content=\"ca_ES\" \/>\n<meta property=\"og:type\" content=\"article\" \/>\n<meta property=\"og:title\" content=\"\u00bfCu\u00e1les son las mejores edades para fotografiar el primer a\u00f1o de vida de mi beb\u00e9? - Estudio fotogr\u00e1fico especializado en fotograf\u00eda infantil, maternidad, beb\u00e9s y familias en Vila Seca Tarragona | Dani Legaz Fotograf\u00eda\" \/>\n<meta property=\"og:description\" content=\"Esta pregunta me la hac\u00e9is much\u00edsimo, y es que s\u00e9 que el primer a\u00f1o del beb\u00e9 es un viaje muy emocionante para los padres, ya que cada d\u00eda, el beb\u00e9 experimenta cambios significativos en su apariencia, personalidad y habilidades.&nbsp; Por eso me he animado a escribir ciertas recomendaciones que, desde mi experiencia c\u00f3mo fot\u00f3grafo, os [&hellip;]\" \/>\n<meta property=\"og:url\" content=\"https:\/\/danilegazfotografo.com\/ca\/cuales-son-las-mejores-edades-para-fotografiar-el-primer-ano-de-vida-de-mi-bebe\/\" \/>\n<meta property=\"og:site_name\" content=\"Estudio fotogr\u00e1fico especializado en fotograf\u00eda infantil, maternidad, beb\u00e9s y familias en Vila Seca Tarragona | Dani Legaz Fotograf\u00eda\" \/>\n<meta property=\"article:published_time\" content=\"2023-02-26T13:00:00+00:00\" \/>\n<meta property=\"article:modified_time\" content=\"2024-03-20T09:29:56+00:00\" \/>\n<meta property=\"og:image\" content=\"https:\/\/danilegazfotografo.com\/wp-content\/uploads\/2023\/02\/048-1-scaled.jpg\" \/>\n\t<meta property=\"og:image:width\" content=\"2560\" \/>\n\t<meta property=\"og:image:height\" content=\"1709\" \/>\n\t<meta property=\"og:image:type\" content=\"image\/jpeg\" \/>\n<meta name=\"author\" content=\"LimeSeo\" \/>\n<meta name=\"twitter:card\" content=\"summary_large_image\" \/>\n<meta name=\"twitter:label1\" content=\"Escrit per\" \/>\n\t<meta name=\"twitter:data1\" content=\"LimeSeo\" \/>\n\t<meta name=\"twitter:label2\" content=\"Temps estimat de lectura\" \/>\n\t<meta name=\"twitter:data2\" content=\"11 minuts\" \/>\n<script type=\"application\/ld+json\" class=\"yoast-schema-graph\">{\"@context\":\"https:\/\/schema.org\",\"@graph\":[{\"@type\":\"WebPage\",\"@id\":\"https:\/\/danilegazfotografo.com\/cuales-son-las-mejores-edades-para-fotografiar-el-primer-ano-de-vida-de-mi-bebe\/\",\"url\":\"https:\/\/danilegazfotografo.com\/cuales-son-las-mejores-edades-para-fotografiar-el-primer-ano-de-vida-de-mi-bebe\/\",\"name\":\"\u00bfCu\u00e1les son las mejores edades para fotografiar el primer a\u00f1o de vida de mi beb\u00e9? - Estudio fotogr\u00e1fico especializado en fotograf\u00eda infantil, maternidad, beb\u00e9s y familias en Vila Seca Tarragona | Dani Legaz Fotograf\u00eda\",\"isPartOf\":{\"@id\":\"https:\/\/danilegazfotografo.com\/#website\"},\"primaryImageOfPage\":{\"@id\":\"https:\/\/danilegazfotografo.com\/cuales-son-las-mejores-edades-para-fotografiar-el-primer-ano-de-vida-de-mi-bebe\/#primaryimage\"},\"image\":{\"@id\":\"https:\/\/danilegazfotografo.com\/cuales-son-las-mejores-edades-para-fotografiar-el-primer-ano-de-vida-de-mi-bebe\/#primaryimage\"},\"thumbnailUrl\":\"https:\/\/danilegazfotografo.com\/wp-content\/uploads\/2023\/02\/048-1-scaled.jpg\",\"datePublished\":\"2023-02-26T13:00:00+00:00\",\"dateModified\":\"2024-03-20T09:29:56+00:00\",\"author\":{\"@id\":\"https:\/\/danilegazfotografo.com\/#\/schema\/person\/eabf25b743229483ec1f73c5a46482e0\"},\"breadcrumb\":{\"@id\":\"https:\/\/danilegazfotografo.com\/cuales-son-las-mejores-edades-para-fotografiar-el-primer-ano-de-vida-de-mi-bebe\/#breadcrumb\"},\"inLanguage\":\"ca\",\"potentialAction\":[{\"@type\":\"ReadAction\",\"target\":[\"https:\/\/danilegazfotografo.com\/cuales-son-las-mejores-edades-para-fotografiar-el-primer-ano-de-vida-de-mi-bebe\/\"]}]},{\"@type\":\"ImageObject\",\"inLanguage\":\"ca\",\"@id\":\"https:\/\/danilegazfotografo.com\/cuales-son-las-mejores-edades-para-fotografiar-el-primer-ano-de-vida-de-mi-bebe\/#primaryimage\",\"url\":\"https:\/\/danilegazfotografo.com\/wp-content\/uploads\/2023\/02\/048-1-scaled.jpg\",\"contentUrl\":\"https:\/\/danilegazfotografo.com\/wp-content\/uploads\/2023\/02\/048-1-scaled.jpg\",\"width\":2560,\"height\":1709,\"caption\":\"Cuales-son-las-mejores-edades-para-fotografiar-el-primer-a\u00f1o-de-vida-de-mi-bebe\"},{\"@type\":\"BreadcrumbList\",\"@id\":\"https:\/\/danilegazfotografo.com\/cuales-son-las-mejores-edades-para-fotografiar-el-primer-ano-de-vida-de-mi-bebe\/#breadcrumb\",\"itemListElement\":[{\"@type\":\"ListItem\",\"position\":1,\"name\":\"Portada\",\"item\":\"https:\/\/danilegazfotografo.com\/\"},{\"@type\":\"ListItem\",\"position\":2,\"name\":\"\u00bfCu\u00e1les son las mejores edades para fotografiar el primer a\u00f1o de vida de mi beb\u00e9?\"}]},{\"@type\":\"WebSite\",\"@id\":\"https:\/\/danilegazfotografo.com\/#website\",\"url\":\"https:\/\/danilegazfotografo.com\/\",\"name\":\"Estudio fotogr\u00e1fico especializado en fotograf\u00eda infantil, maternidad, beb\u00e9s y familias en Vila Seca Tarragona | Dani Legaz Fotograf\u00eda\",\"description\":\"En Dani Legaz Fotograf\u00eda, nuestro estudio fotogr\u00e1fico en Vila Seca Tarragona, somos especialistas en capturar los momentos m\u00e1s tiernos y emotivos de la vida de las familias. Ofrecemos reportajes en estudio y exteriores para beb\u00e9s, maternidad, ni\u00f1os y familias. \u00a1Cont\u00e1ctanos para crear juntos un recuerdo inolvidable!\",\"potentialAction\":[{\"@type\":\"SearchAction\",\"target\":{\"@type\":\"EntryPoint\",\"urlTemplate\":\"https:\/\/danilegazfotografo.com\/?s={search_term_string}\"},\"query-input\":{\"@type\":\"PropertyValueSpecification\",\"valueRequired\":true,\"valueName\":\"search_term_string\"}}],\"inLanguage\":\"ca\"},{\"@type\":\"Person\",\"@id\":\"https:\/\/danilegazfotografo.com\/#\/schema\/person\/eabf25b743229483ec1f73c5a46482e0\",\"name\":\"LimeSeo\",\"image\":{\"@type\":\"ImageObject\",\"inLanguage\":\"ca\",\"@id\":\"https:\/\/danilegazfotografo.com\/#\/schema\/person\/image\/\",\"url\":\"https:\/\/secure.gravatar.com\/avatar\/1f7740a0c88190c07c81e88e447080e4?s=96&d=mm&r=g\",\"contentUrl\":\"https:\/\/secure.gravatar.com\/avatar\/1f7740a0c88190c07c81e88e447080e4?s=96&d=mm&r=g\",\"caption\":\"LimeSeo\"},\"url\":\"https:\/\/danilegazfotografo.com\/ca\/author\/limeseo\/\"}]}<\/script>\n<!-- \/ Yoast SEO plugin. -->","yoast_head_json":{"title":"\u00bfCu\u00e1les son las mejores edades para fotografiar el primer a\u00f1o de vida de mi beb\u00e9? - Estudio fotogr\u00e1fico especializado en fotograf\u00eda infantil, maternidad, beb\u00e9s y familias en Vila Seca Tarragona | Dani Legaz Fotograf\u00eda","robots":{"index":"index","follow":"follow","max-snippet":"max-snippet:-1","max-image-preview":"max-image-preview:large","max-video-preview":"max-video-preview:-1"},"canonical":"https:\/\/danilegazfotografo.com\/ca\/cuales-son-las-mejores-edades-para-fotografiar-el-primer-ano-de-vida-de-mi-bebe\/","og_locale":"ca_ES","og_type":"article","og_title":"\u00bfCu\u00e1les son las mejores edades para fotografiar el primer a\u00f1o de vida de mi beb\u00e9? - Estudio fotogr\u00e1fico especializado en fotograf\u00eda infantil, maternidad, beb\u00e9s y familias en Vila Seca Tarragona | Dani Legaz Fotograf\u00eda","og_description":"Esta pregunta me la hac\u00e9is much\u00edsimo, y es que s\u00e9 que el primer a\u00f1o del beb\u00e9 es un viaje muy emocionante para los padres, ya que cada d\u00eda, el beb\u00e9 experimenta cambios significativos en su apariencia, personalidad y habilidades.&nbsp; Por eso me he animado a escribir ciertas recomendaciones que, desde mi experiencia c\u00f3mo fot\u00f3grafo, os [&hellip;]","og_url":"https:\/\/danilegazfotografo.com\/ca\/cuales-son-las-mejores-edades-para-fotografiar-el-primer-ano-de-vida-de-mi-bebe\/","og_site_name":"Estudio fotogr\u00e1fico especializado en fotograf\u00eda infantil, maternidad, beb\u00e9s y familias en Vila Seca Tarragona | Dani Legaz Fotograf\u00eda","article_published_time":"2023-02-26T13:00:00+00:00","article_modified_time":"2024-03-20T09:29:56+00:00","og_image":[{"width":2560,"height":1709,"url":"https:\/\/danilegazfotografo.com\/wp-content\/uploads\/2023\/02\/048-1-scaled.jpg","type":"image\/jpeg"}],"author":"LimeSeo","twitter_card":"summary_large_image","twitter_misc":{"Escrit per":"LimeSeo","Temps estimat de lectura":"11 minuts"},"schema":{"@context":"https:\/\/schema.org","@graph":[{"@type":"WebPage","@id":"https:\/\/danilegazfotografo.com\/cuales-son-las-mejores-edades-para-fotografiar-el-primer-ano-de-vida-de-mi-bebe\/","url":"https:\/\/danilegazfotografo.com\/cuales-son-las-mejores-edades-para-fotografiar-el-primer-ano-de-vida-de-mi-bebe\/","name":"\u00bfCu\u00e1les son las mejores edades para fotografiar el primer a\u00f1o de vida de mi beb\u00e9? - Estudio fotogr\u00e1fico especializado en fotograf\u00eda infantil, maternidad, beb\u00e9s y familias en Vila Seca Tarragona | Dani Legaz Fotograf\u00eda","isPartOf":{"@id":"https:\/\/danilegazfotografo.com\/#website"},"primaryImageOfPage":{"@id":"https:\/\/danilegazfotografo.com\/cuales-son-las-mejores-edades-para-fotografiar-el-primer-ano-de-vida-de-mi-bebe\/#primaryimage"},"image":{"@id":"https:\/\/danilegazfotografo.com\/cuales-son-las-mejores-edades-para-fotografiar-el-primer-ano-de-vida-de-mi-bebe\/#primaryimage"},"thumbnailUrl":"https:\/\/danilegazfotografo.com\/wp-content\/uploads\/2023\/02\/048-1-scaled.jpg","datePublished":"2023-02-26T13:00:00+00:00","dateModified":"2024-03-20T09:29:56+00:00","author":{"@id":"https:\/\/danilegazfotografo.com\/#\/schema\/person\/eabf25b743229483ec1f73c5a46482e0"},"breadcrumb":{"@id":"https:\/\/danilegazfotografo.com\/cuales-son-las-mejores-edades-para-fotografiar-el-primer-ano-de-vida-de-mi-bebe\/#breadcrumb"},"inLanguage":"ca","potentialAction":[{"@type":"ReadAction","target":["https:\/\/danilegazfotografo.com\/cuales-son-las-mejores-edades-para-fotografiar-el-primer-ano-de-vida-de-mi-bebe\/"]}]},{"@type":"ImageObject","inLanguage":"ca","@id":"https:\/\/danilegazfotografo.com\/cuales-son-las-mejores-edades-para-fotografiar-el-primer-ano-de-vida-de-mi-bebe\/#primaryimage","url":"https:\/\/danilegazfotografo.com\/wp-content\/uploads\/2023\/02\/048-1-scaled.jpg","contentUrl":"https:\/\/danilegazfotografo.com\/wp-content\/uploads\/2023\/02\/048-1-scaled.jpg","width":2560,"height":1709,"caption":"Cuales-son-las-mejores-edades-para-fotografiar-el-primer-a\u00f1o-de-vida-de-mi-bebe"},{"@type":"BreadcrumbList","@id":"https:\/\/danilegazfotografo.com\/cuales-son-las-mejores-edades-para-fotografiar-el-primer-ano-de-vida-de-mi-bebe\/#breadcrumb","itemListElement":[{"@type":"ListItem","position":1,"name":"Portada","item":"https:\/\/danilegazfotografo.com\/"},{"@type":"ListItem","position":2,"name":"\u00bfCu\u00e1les son las mejores edades para fotografiar el primer a\u00f1o de vida de mi beb\u00e9?"}]},{"@type":"WebSite","@id":"https:\/\/danilegazfotografo.com\/#website","url":"https:\/\/danilegazfotografo.com\/","name":"Estudio fotogr\u00e1fico especializado en fotograf\u00eda infantil, maternidad, beb\u00e9s y familias en Vila Seca Tarragona | Dani Legaz Fotograf\u00eda","description":"En Dani Legaz Fotograf\u00eda, nuestro estudio fotogr\u00e1fico en Vila Seca Tarragona, somos especialistas en capturar los momentos m\u00e1s tiernos y emotivos de la vida de las familias. Ofrecemos reportajes en estudio y exteriores para beb\u00e9s, maternidad, ni\u00f1os y familias. \u00a1Cont\u00e1ctanos para crear juntos un recuerdo inolvidable!","potentialAction":[{"@type":"SearchAction","target":{"@type":"EntryPoint","urlTemplate":"https:\/\/danilegazfotografo.com\/?s={search_term_string}"},"query-input":{"@type":"PropertyValueSpecification","valueRequired":true,"valueName":"search_term_string"}}],"inLanguage":"ca"},{"@type":"Person","@id":"https:\/\/danilegazfotografo.com\/#\/schema\/person\/eabf25b743229483ec1f73c5a46482e0","name":"LimeSeo","image":{"@type":"ImageObject","inLanguage":"ca","@id":"https:\/\/danilegazfotografo.com\/#\/schema\/person\/image\/","url":"https:\/\/secure.gravatar.com\/avatar\/1f7740a0c88190c07c81e88e447080e4?s=96&d=mm&r=g","contentUrl":"https:\/\/secure.gravatar.com\/avatar\/1f7740a0c88190c07c81e88e447080e4?s=96&d=mm&r=g","caption":"LimeSeo"},"url":"https:\/\/danilegazfotografo.com\/ca\/author\/limeseo\/"}]}},"_links":{"self":[{"href":"https:\/\/danilegazfotografo.com\/ca\/wp-json\/wp\/v2\/posts\/395"}],"collection":[{"href":"https:\/\/danilegazfotografo.com\/ca\/wp-json\/wp\/v2\/posts"}],"about":[{"href":"https:\/\/danilegazfotografo.com\/ca\/wp-json\/wp\/v2\/types\/post"}],"author":[{"embeddable":true,"href":"https:\/\/danilegazfotografo.com\/ca\/wp-json\/wp\/v2\/users\/3"}],"replies":[{"embeddable":true,"href":"https:\/\/danilegazfotografo.com\/ca\/wp-json\/wp\/v2\/comments?post=395"}],"version-history":[{"count":16,"href":"https:\/\/danilegazfotografo.com\/ca\/wp-json\/wp\/v2\/posts\/395\/revisions"}],"predecessor-version":[{"id":1646,"href":"https:\/\/danilegazfotografo.com\/ca\/wp-json\/wp\/v2\/posts\/395\/revisions\/1646"}],"wp:featuredmedia":[{"embeddable":true,"href":"https:\/\/danilegazfotografo.com\/ca\/wp-json\/wp\/v2\/media\/405"}],"wp:attachment":[{"href":"https:\/\/danilegazfotografo.com\/ca\/wp-json\/wp\/v2\/media?parent=395"}],"wp:term":[{"taxonomy":"category","embeddable":true,"href":"https:\/\/danilegazfotografo.com\/ca\/wp-json\/wp\/v2\/categories?post=395"},{"taxonomy":"post_tag","embeddable":true,"href":"https:\/\/danilegazfotografo.com\/ca\/wp-json\/wp\/v2\/tags?post=395"}],"curies":[{"name":"wp","href":"https:\/\/api.w.org\/{rel}","templated":true}]}}