{"id":3827,"date":"2026-09-01T10:20:40","date_gmt":"2026-09-01T08:20:40","guid":{"rendered":"https:\/\/danilegazfotografo.com\/?p=3827"},"modified":"2026-09-01T10:33:47","modified_gmt":"2026-09-01T08:33:47","slug":"navidad-2026","status":"publish","type":"post","link":"https:\/\/danilegazfotografo.com\/ca\/navidad-2026\/","title":{"rendered":"La Navidad 2026 ya ha llegado a La Granja Estudio"},"content":{"rendered":"<p class=\"isSelectedEnd\">S\u00ed, sabemos que estamos en septiembre.<\/p>\n<p class=\"isSelectedEnd\">Todav\u00eda estamos disfrutando del verano, pero en La Granja Estudio ya estamos viviendo la Navidad. \ud83c\udf84<\/p>\n<p class=\"isSelectedEnd\">Llevamos meses preparando todo lo que queremos compartir este a\u00f1o y, por fin, <strong>la agenda de Navidad 2026 ya est\u00e1 abierta<\/strong>.<\/p>\n<p class=\"isSelectedEnd\">Y esta vez quer\u00edamos hacer algo diferente.<\/p>\n<p>&nbsp;<\/p>\n<h4>No venimos solo a hacer fotos<\/h4>\n<p class=\"isSelectedEnd\">Cada a\u00f1o intentamos que nuestras Navidades sean algo m\u00e1s que un decorado bonito delante de una c\u00e1mara.<\/p>\n<p class=\"isSelectedEnd\">Queremos que los ni\u00f1os entren, descubran, jueguen, se sorprendan y disfruten.<\/p>\n<p class=\"isSelectedEnd\">Por eso este a\u00f1o hemos creado una peque\u00f1a historia alrededor de <strong>la Casa del Mago<\/strong>, con deseos, secretos, magia y alguna que otra sorpresa.<\/p>\n<p class=\"isSelectedEnd\">Y s\u00ed\u2026 durante algunas fechas tendremos <strong>un mago profesional<\/strong> para hacer que los ni\u00f1os sean parte de la magia. \ud83c\udfa9<\/p>\n<p class=\"isSelectedEnd\">Porque al final, <strong>no vendemos sesiones de Navidad. Creamos experiencias.<\/strong><\/p>\n<p class=\"isSelectedEnd\">Las fotograf\u00edas vienen despu\u00e9s.<\/p>\n<p class=\"isSelectedEnd\">Son la manera de guardar una mirada, una carcajada, un abrazo o esa cara de sorpresa que solo ocurre una vez.<\/p>\n<p class=\"isSelectedEnd\">Porque los ni\u00f1os crecen y cada Navidad es diferente.<\/p>\n<p class=\"isSelectedEnd\">Y dentro de unos a\u00f1os, cuando volv\u00e1is a mirar estas fotograf\u00edas, queremos que no pens\u00e9is solamente <em>\u201cqu\u00e9 bonita foto\u201d<\/em>.<\/p>\n<p class=\"isSelectedEnd\">Queremos que record\u00e9is <strong>lo que pas\u00f3 aquel d\u00eda<\/strong>.<\/p>\n<p>&nbsp;<\/p>\n<h4>Y ahora s\u00ed, que empiece la magia \u2728<\/h4>\n<p>La Casa del Mago ya est\u00e1 preparada, los deseos empiezan a llegar y nosotros tenemos muchas ganas de volver a ver esas caras de ilusi\u00f3n que tanto nos gustan.<\/p>\n<p><strong>Nos vemos al otro lado de la puerta.<\/strong><\/p>\n<p><a href=\"https:\/\/formularios.adminphoto.com\/formularioreservacampos\/public\/704446fb36b7dece\">Reserva tu sesi\u00f3n aqu\u00ed<\/a><\/p>","protected":false},"excerpt":{"rendered":"<p>S\u00ed, sabemos que estamos en septiembre. Todav\u00eda estamos disfrutando del verano, pero en La Granja Estudio ya estamos viviendo la Navidad. \ud83c\udf84 Llevamos meses preparando todo lo que queremos compartir este a\u00f1o y, por fin, la agenda de Navidad 2026 ya est\u00e1 abierta. Y esta vez quer\u00edamos hacer algo diferente. &nbsp; No venimos solo a [&hellip;]<\/p>\n","protected":false},"author":5,"featured_media":3833,"comment_status":"open","ping_status":"open","sticky":false,"template":"","format":"standard","meta":{"_et_pb_use_builder":"","_et_pb_old_content":"","_et_gb_content_width":"","two_page_speed":[],"_joinchat":[],"footnotes":""},"categories":[1],"tags":[],"yoast_head":"<!-- This site is optimized with the Yoast SEO plugin v24.3 - https:\/\/yoast.com\/wordpress\/plugins\/seo\/ -->\n<title>La Navidad 2026 ya ha llegado a La Granja Estudio - Estudio fotogr\u00e1fico especializado en fotograf\u00eda infantil, maternidad, beb\u00e9s y familias en Vila Seca Tarragona | Dani Legaz Fotograf\u00eda<\/title>\n<meta name=\"robots\" content=\"index, follow, max-snippet:-1, max-image-preview:large, max-video-preview:-1\" \/>\n<link rel=\"canonical\" href=\"https:\/\/danilegazfotografo.com\/ca\/navidad-2026\/\" \/>\n<meta property=\"og:locale\" content=\"ca_ES\" \/>\n<meta property=\"og:type\" content=\"article\" \/>\n<meta property=\"og:title\" content=\"La Navidad 2026 ya ha llegado a La Granja Estudio - Estudio fotogr\u00e1fico especializado en fotograf\u00eda infantil, maternidad, beb\u00e9s y familias en Vila Seca Tarragona | Dani Legaz Fotograf\u00eda\" \/>\n<meta property=\"og:description\" content=\"S\u00ed, sabemos que estamos en septiembre. Todav\u00eda estamos disfrutando del verano, pero en La Granja Estudio ya estamos viviendo la Navidad. \ud83c\udf84 Llevamos meses preparando todo lo que queremos compartir este a\u00f1o y, por fin, la agenda de Navidad 2026 ya est\u00e1 abierta. Y esta vez quer\u00edamos hacer algo diferente. &nbsp; No venimos solo a [&hellip;]\" \/>\n<meta property=\"og:url\" content=\"https:\/\/danilegazfotografo.com\/ca\/navidad-2026\/\" \/>\n<meta property=\"og:site_name\" content=\"Estudio fotogr\u00e1fico especializado en fotograf\u00eda infantil, maternidad, beb\u00e9s y familias en Vila Seca Tarragona | Dani Legaz Fotograf\u00eda\" \/>\n<meta property=\"article:published_time\" content=\"2026-09-01T08:20:40+00:00\" \/>\n<meta property=\"article:modified_time\" content=\"2026-09-01T08:33:47+00:00\" \/>\n<meta property=\"og:image\" content=\"https:\/\/danilegazfotografo.com\/wp-content\/uploads\/2026\/09\/DAYANA_050-scaled.jpg\" \/>\n\t<meta property=\"og:image:width\" content=\"2560\" \/>\n\t<meta property=\"og:image:height\" content=\"1707\" \/>\n\t<meta property=\"og:image:type\" content=\"image\/jpeg\" \/>\n<meta name=\"author\" content=\"Mariona Legaz\" \/>\n<meta name=\"twitter:card\" content=\"summary_large_image\" \/>\n<meta name=\"twitter:label1\" content=\"Escrit per\" \/>\n\t<meta name=\"twitter:data1\" content=\"Mariona Legaz\" \/>\n\t<meta name=\"twitter:label2\" content=\"Temps estimat de lectura\" \/>\n\t<meta name=\"twitter:data2\" content=\"2 minuts\" \/>\n<script type=\"application\/ld+json\" class=\"yoast-schema-graph\">{\"@context\":\"https:\/\/schema.org\",\"@graph\":[{\"@type\":\"WebPage\",\"@id\":\"https:\/\/danilegazfotografo.com\/navidad-2026\/\",\"url\":\"https:\/\/danilegazfotografo.com\/navidad-2026\/\",\"name\":\"La Navidad 2026 ya ha llegado a La Granja Estudio - Estudio fotogr\u00e1fico especializado en fotograf\u00eda infantil, maternidad, beb\u00e9s y familias en Vila Seca Tarragona | Dani Legaz Fotograf\u00eda\",\"isPartOf\":{\"@id\":\"https:\/\/danilegazfotografo.com\/#website\"},\"primaryImageOfPage\":{\"@id\":\"https:\/\/danilegazfotografo.com\/navidad-2026\/#primaryimage\"},\"image\":{\"@id\":\"https:\/\/danilegazfotografo.com\/navidad-2026\/#primaryimage\"},\"thumbnailUrl\":\"https:\/\/danilegazfotografo.com\/wp-content\/uploads\/2026\/09\/DAYANA_050-scaled.jpg\",\"datePublished\":\"2026-09-01T08:20:40+00:00\",\"dateModified\":\"2026-09-01T08:33:47+00:00\",\"author\":{\"@id\":\"https:\/\/danilegazfotografo.com\/#\/schema\/person\/a20ecaf58c7031a6772444b1176dcc40\"},\"breadcrumb\":{\"@id\":\"https:\/\/danilegazfotografo.com\/navidad-2026\/#breadcrumb\"},\"inLanguage\":\"ca\",\"potentialAction\":[{\"@type\":\"ReadAction\",\"target\":[\"https:\/\/danilegazfotografo.com\/navidad-2026\/\"]}]},{\"@type\":\"ImageObject\",\"inLanguage\":\"ca\",\"@id\":\"https:\/\/danilegazfotografo.com\/navidad-2026\/#primaryimage\",\"url\":\"https:\/\/danilegazfotografo.com\/wp-content\/uploads\/2026\/09\/DAYANA_050-scaled.jpg\",\"contentUrl\":\"https:\/\/danilegazfotografo.com\/wp-content\/uploads\/2026\/09\/DAYANA_050-scaled.jpg\",\"width\":2560,\"height\":1707},{\"@type\":\"BreadcrumbList\",\"@id\":\"https:\/\/danilegazfotografo.com\/navidad-2026\/#breadcrumb\",\"itemListElement\":[{\"@type\":\"ListItem\",\"position\":1,\"name\":\"Portada\",\"item\":\"https:\/\/danilegazfotografo.com\/\"},{\"@type\":\"ListItem\",\"position\":2,\"name\":\"La Navidad 2026 ya ha llegado a La Granja Estudio\"}]},{\"@type\":\"WebSite\",\"@id\":\"https:\/\/danilegazfotografo.com\/#website\",\"url\":\"https:\/\/danilegazfotografo.com\/\",\"name\":\"Estudio fotogr\u00e1fico especializado en fotograf\u00eda infantil, maternidad, beb\u00e9s y familias en Vila Seca Tarragona | Dani Legaz Fotograf\u00eda\",\"description\":\"En Dani Legaz Fotograf\u00eda, nuestro estudio fotogr\u00e1fico en Vila Seca Tarragona, somos especialistas en capturar los momentos m\u00e1s tiernos y emotivos de la vida de las familias. Ofrecemos reportajes en estudio y exteriores para beb\u00e9s, maternidad, ni\u00f1os y familias. \u00a1Cont\u00e1ctanos para crear juntos un recuerdo inolvidable!\",\"potentialAction\":[{\"@type\":\"SearchAction\",\"target\":{\"@type\":\"EntryPoint\",\"urlTemplate\":\"https:\/\/danilegazfotografo.com\/?s={search_term_string}\"},\"query-input\":{\"@type\":\"PropertyValueSpecification\",\"valueRequired\":true,\"valueName\":\"search_term_string\"}}],\"inLanguage\":\"ca\"},{\"@type\":\"Person\",\"@id\":\"https:\/\/danilegazfotografo.com\/#\/schema\/person\/a20ecaf58c7031a6772444b1176dcc40\",\"name\":\"Mariona Legaz\",\"image\":{\"@type\":\"ImageObject\",\"inLanguage\":\"ca\",\"@id\":\"https:\/\/danilegazfotografo.com\/#\/schema\/person\/image\/\",\"url\":\"https:\/\/secure.gravatar.com\/avatar\/cf542a96fcdca4398f9e763ab3d19337?s=96&d=mm&r=g\",\"contentUrl\":\"https:\/\/secure.gravatar.com\/avatar\/cf542a96fcdca4398f9e763ab3d19337?s=96&d=mm&r=g\",\"caption\":\"Mariona Legaz\"},\"url\":\"https:\/\/danilegazfotografo.com\/ca\/author\/mariona\/\"}]}<\/script>\n<!-- \/ Yoast SEO plugin. -->","yoast_head_json":{"title":"La Navidad 2026 ya ha llegado a La Granja Estudio - Estudio fotogr\u00e1fico especializado en fotograf\u00eda infantil, maternidad, beb\u00e9s y familias en Vila Seca Tarragona | Dani Legaz Fotograf\u00eda","robots":{"index":"index","follow":"follow","max-snippet":"max-snippet:-1","max-image-preview":"max-image-preview:large","max-video-preview":"max-video-preview:-1"},"canonical":"https:\/\/danilegazfotografo.com\/ca\/navidad-2026\/","og_locale":"ca_ES","og_type":"article","og_title":"La Navidad 2026 ya ha llegado a La Granja Estudio - Estudio fotogr\u00e1fico especializado en fotograf\u00eda infantil, maternidad, beb\u00e9s y familias en Vila Seca Tarragona | Dani Legaz Fotograf\u00eda","og_description":"S\u00ed, sabemos que estamos en septiembre. Todav\u00eda estamos disfrutando del verano, pero en La Granja Estudio ya estamos viviendo la Navidad. \ud83c\udf84 Llevamos meses preparando todo lo que queremos compartir este a\u00f1o y, por fin, la agenda de Navidad 2026 ya est\u00e1 abierta. Y esta vez quer\u00edamos hacer algo diferente. &nbsp; No venimos solo a [&hellip;]","og_url":"https:\/\/danilegazfotografo.com\/ca\/navidad-2026\/","og_site_name":"Estudio fotogr\u00e1fico especializado en fotograf\u00eda infantil, maternidad, beb\u00e9s y familias en Vila Seca Tarragona | Dani Legaz Fotograf\u00eda","article_published_time":"2026-09-01T08:20:40+00:00","article_modified_time":"2026-09-01T08:33:47+00:00","og_image":[{"width":2560,"height":1707,"url":"https:\/\/danilegazfotografo.com\/wp-content\/uploads\/2026\/09\/DAYANA_050-scaled.jpg","type":"image\/jpeg"}],"author":"Mariona Legaz","twitter_card":"summary_large_image","twitter_misc":{"Escrit per":"Mariona Legaz","Temps estimat de lectura":"2 minuts"},"schema":{"@context":"https:\/\/schema.org","@graph":[{"@type":"WebPage","@id":"https:\/\/danilegazfotografo.com\/navidad-2026\/","url":"https:\/\/danilegazfotografo.com\/navidad-2026\/","name":"La Navidad 2026 ya ha llegado a La Granja Estudio - Estudio fotogr\u00e1fico especializado en fotograf\u00eda infantil, maternidad, beb\u00e9s y familias en Vila Seca Tarragona | Dani Legaz Fotograf\u00eda","isPartOf":{"@id":"https:\/\/danilegazfotografo.com\/#website"},"primaryImageOfPage":{"@id":"https:\/\/danilegazfotografo.com\/navidad-2026\/#primaryimage"},"image":{"@id":"https:\/\/danilegazfotografo.com\/navidad-2026\/#primaryimage"},"thumbnailUrl":"https:\/\/danilegazfotografo.com\/wp-content\/uploads\/2026\/09\/DAYANA_050-scaled.jpg","datePublished":"2026-09-01T08:20:40+00:00","dateModified":"2026-09-01T08:33:47+00:00","author":{"@id":"https:\/\/danilegazfotografo.com\/#\/schema\/person\/a20ecaf58c7031a6772444b1176dcc40"},"breadcrumb":{"@id":"https:\/\/danilegazfotografo.com\/navidad-2026\/#breadcrumb"},"inLanguage":"ca","potentialAction":[{"@type":"ReadAction","target":["https:\/\/danilegazfotografo.com\/navidad-2026\/"]}]},{"@type":"ImageObject","inLanguage":"ca","@id":"https:\/\/danilegazfotografo.com\/navidad-2026\/#primaryimage","url":"https:\/\/danilegazfotografo.com\/wp-content\/uploads\/2026\/09\/DAYANA_050-scaled.jpg","contentUrl":"https:\/\/danilegazfotografo.com\/wp-content\/uploads\/2026\/09\/DAYANA_050-scaled.jpg","width":2560,"height":1707},{"@type":"BreadcrumbList","@id":"https:\/\/danilegazfotografo.com\/navidad-2026\/#breadcrumb","itemListElement":[{"@type":"ListItem","position":1,"name":"Portada","item":"https:\/\/danilegazfotografo.com\/"},{"@type":"ListItem","position":2,"name":"La Navidad 2026 ya ha llegado a La Granja Estudio"}]},{"@type":"WebSite","@id":"https:\/\/danilegazfotografo.com\/#website","url":"https:\/\/danilegazfotografo.com\/","name":"Estudio fotogr\u00e1fico especializado en fotograf\u00eda infantil, maternidad, beb\u00e9s y familias en Vila Seca Tarragona | Dani Legaz Fotograf\u00eda","description":"En Dani Legaz Fotograf\u00eda, nuestro estudio fotogr\u00e1fico en Vila Seca Tarragona, somos especialistas en capturar los momentos m\u00e1s tiernos y emotivos de la vida de las familias. Ofrecemos reportajes en estudio y exteriores para beb\u00e9s, maternidad, ni\u00f1os y familias. \u00a1Cont\u00e1ctanos para crear juntos un recuerdo inolvidable!","potentialAction":[{"@type":"SearchAction","target":{"@type":"EntryPoint","urlTemplate":"https:\/\/danilegazfotografo.com\/?s={search_term_string}"},"query-input":{"@type":"PropertyValueSpecification","valueRequired":true,"valueName":"search_term_string"}}],"inLanguage":"ca"},{"@type":"Person","@id":"https:\/\/danilegazfotografo.com\/#\/schema\/person\/a20ecaf58c7031a6772444b1176dcc40","name":"Mariona Legaz","image":{"@type":"ImageObject","inLanguage":"ca","@id":"https:\/\/danilegazfotografo.com\/#\/schema\/person\/image\/","url":"https:\/\/secure.gravatar.com\/avatar\/cf542a96fcdca4398f9e763ab3d19337?s=96&d=mm&r=g","contentUrl":"https:\/\/secure.gravatar.com\/avatar\/cf542a96fcdca4398f9e763ab3d19337?s=96&d=mm&r=g","caption":"Mariona Legaz"},"url":"https:\/\/danilegazfotografo.com\/ca\/author\/mariona\/"}]}},"_links":{"self":[{"href":"https:\/\/danilegazfotografo.com\/ca\/wp-json\/wp\/v2\/posts\/3827"}],"collection":[{"href":"https:\/\/danilegazfotografo.com\/ca\/wp-json\/wp\/v2\/posts"}],"about":[{"href":"https:\/\/danilegazfotografo.com\/ca\/wp-json\/wp\/v2\/types\/post"}],"author":[{"embeddable":true,"href":"https:\/\/danilegazfotografo.com\/ca\/wp-json\/wp\/v2\/users\/5"}],"replies":[{"embeddable":true,"href":"https:\/\/danilegazfotografo.com\/ca\/wp-json\/wp\/v2\/comments?post=3827"}],"version-history":[{"count":12,"href":"https:\/\/danilegazfotografo.com\/ca\/wp-json\/wp\/v2\/posts\/3827\/revisions"}],"predecessor-version":[{"id":3829,"href":"https:\/\/danilegazfotografo.com\/ca\/wp-json\/wp\/v2\/posts\/3827\/revisions\/3829"}],"wp:featuredmedia":[{"embeddable":true,"href":"https:\/\/danilegazfotografo.com\/ca\/wp-json\/wp\/v2\/media\/3833"}],"wp:attachment":[{"href":"https:\/\/danilegazfotografo.com\/ca\/wp-json\/wp\/v2\/media?parent=3827"}],"wp:term":[{"taxonomy":"category","embeddable":true,"href":"https:\/\/danilegazfotografo.com\/ca\/wp-json\/wp\/v2\/categories?post=3827"},{"taxonomy":"post_tag","embeddable":true,"href":"https:\/\/danilegazfotografo.com\/ca\/wp-json\/wp\/v2\/tags?post=3827"}],"curies":[{"name":"wp","href":"https:\/\/api.w.org\/{rel}","templated":true}]}}