{"id":355,"date":"2022-12-14T14:00:00","date_gmt":"2022-12-14T13:00:00","guid":{"rendered":"https:\/\/danilegazfotografo.com\/?p=355"},"modified":"2022-12-14T13:35:59","modified_gmt":"2022-12-14T12:35:59","slug":"todo-lo-que-necesitas-saber-sobre-las-sesiones-de-smash-cake","status":"publish","type":"post","link":"https:\/\/danilegazfotografo.com\/ca\/todo-lo-que-necesitas-saber-sobre-las-sesiones-de-smash-cake\/","title":{"rendered":"Todo lo que necesitas saber sobre las sesiones de Smash Cake"},"content":{"rendered":"\n[et_pb_section fb_built=\u00bb1&#8243; _builder_version=\u00bb4.18.0&#8243; _module_preset=\u00bbdefault\u00bb custom_padding=\u00bb1px||3px|||\u00bb global_colors_info=\u00bb{}\u00bb][et_pb_row _builder_version=\u00bb4.18.0&#8243; _module_preset=\u00bbdefault\u00bb custom_margin=\u00bb|auto|1px|auto||\u00bb custom_padding=\u00bb1px||0px|||\u00bb global_colors_info=\u00bb{}\u00bb][et_pb_column type=\u00bb4_4&#8243; _builder_version=\u00bb4.18.0&#8243; _module_preset=\u00bbdefault\u00bb global_colors_info=\u00bb{}\u00bb][et_pb_text _builder_version=\u00bb4.18.0&#8243; _module_preset=\u00bbdefault\u00bb min_height=\u00bb849px\u00bb custom_margin=\u00bb50px||-1px|||\u00bb custom_padding=\u00bb||37px|||\u00bb hover_enabled=\u00bb0&#8243; global_colors_info=\u00bb{}\u00bb sticky_enabled=\u00bb0&#8243;]<p><strong>Las sesiones de 1 a\u00f1o son, simplemente, preciosas.<\/strong> Podemos tener a ese beb\u00e9, que comienza ya a independizarse, mostrar su personalidad y ser muy divertido.<\/p>\n<p>Definitivamente un recuerdo inexorable. Sobre todo porque el tiempo pasa tan r\u00e1pido, que nos echa tierra en los ojos en los primeros a\u00f1os y volver atr\u00e1s a trav\u00e9s con las fotograf\u00edas y disfrutar de esos michelines y manos regordetas que parec\u00edan embadurnadas de mantequilla es un tesoro.<\/p>\n<p>Por eso, <strong>quiero compartir con vosotros las 5 cosas m\u00e1s importantes que necesit\u00e1is saber,<\/strong> si os decid\u00eds por hacer una sesi\u00f3n de Smash Cake para vuestro peque.<\/p>\n<p>Pero primero, <strong>\u00bfQu\u00e9 son las sesiones de Smash Cake?<\/strong><\/p>\n<p>Pues son unas <strong>sesiones muy divertidas,<\/strong> donde el peque\u00f1o protagonista tendr\u00e1 la oportunidad de \u201caplastar\u201d su tarta y divertirse con las texturas y sabores.<\/p>\n<p>Son <strong>la oportunidad de celebrar el primer a\u00f1ito,<\/strong> con una sesi\u00f3n \u00fanica, colorida, donde el peque y sus caritas son el protagonista.<\/p>\n<p>Si bien la sola presencia del invitado de honor hace de estas una perfecci\u00f3n total, podemos tener en cuenta estos 5 consejos que nos permitir\u00e1n disfrutar y sacar lo m\u00e1ximo del tiempo juntos.<\/p>\n<p><strong><\/strong><\/p>\n<p><strong>1. Locaci\u00f3n:<\/strong><\/p>\n<p>La locaci\u00f3n, pero ser en exteriores o interiores, pero esto depender\u00e1, adem\u00e1s del gusto de cada quien, en la estaci\u00f3n del a\u00f1o en que hagamos la sesi\u00f3n.<\/p>\n<p>Igualmente, al ser el peque el protagonista absoluto, en estudios salen unas fotos hermosas, que nos os dejar\u00e1n indiferente (mucho menos a los papis jejeje).<\/p>\n<p><strong><\/strong><\/p>\n<p><strong>2. Decoraci\u00f3n<\/strong><\/p>\n<p>La inspiraci\u00f3n la pod\u00e9is conseguir en sitios con Pinterest. Solo poner en el buscador: Smash Cake y conseguir\u00e9is un mont\u00f3n de ideas.<\/p>\n<p>Mi mayor consejo en este punto es elegir algo sencillo, que permita que el beb\u00e9 y sus gestos sean el real protagonista.<\/p>\n<p><strong><\/strong><\/p>\n<p><strong>3. Vestuario<\/strong><\/p>\n<p>Aqu\u00ed tambi\u00e9n os pod\u00e9is apoyar en Pinterest, pero igualmente os dejo algunos consejos b\u00e1sicos que de seguro os ayudar\u00e1n un mont\u00f3n:<\/p>\n<p>Los colores, buscar el contraste y usar m\u00e1s colores pasteles que oscuros. Por ejemplo, si el pastel o los accesorios elegidos son de color rosa, pod\u00e9is buscar un traje verde claro o azul cielo.<\/p>\n<p><strong>Algunas ideas de vestuario:<\/strong><\/p>\n<p>Utilizar volantes, tul, cinta o encaje. <br \/>Tambi\u00e9n podr\u00eda ser cubre pa\u00f1ales, tirantes, una pajarita, corbata y \/ o un lindo sombrero es absolutamente adorable.<br \/>Diademas, flores, Lazos, Collares<\/p>\n<p>No olvid\u00e9is dejar la parte de arriba este al descubierto<\/p>\n<p><strong><\/strong><\/p>\n<p><strong>4. Factor tiempo<\/strong><\/p>\n<p>Estas sesiones son cortas, porque los beb\u00e9s con tantos est\u00edmulos se cansan muy r\u00e1pido. Aun as\u00ed, se logran tantas im\u00e1genes que ser\u00e1 dif\u00edcil elegir las fotos favoritas.<\/p>\n<p>Otro consejo muy importante es que logremos pautar una hora en la que el beb\u00e9 no est\u00e9 cansado o tenga hambre, ya que es muy importante que beb\u00e9 colabore y est\u00e9 contento.<\/p>\n<p>Solo as\u00ed lograremos arrancar sonrisas.<\/p>\n<p><strong><\/strong><\/p>\n<p><strong>5. Expectativas<\/strong><\/p>\n<p>Este punto es el m\u00e1s importante de todos (por eso lo he dejado para lo \u00faltimo). Estas sesiones son muy especiales y solo podemos hacer una cosa: \u201cDejar al beb\u00e9 fluir\u201d.<\/p>\n<p>Olvidaros del control, de las sonrisas. Y <strong>prepararos para la espontaneidad de vuestros peques.<\/strong> Estas son sesiones sin guiones ni poses. El beb\u00e9 al comer la tarta va a estar encantado y sus caritas ser\u00e1n tan graciosas, que conseguiremos fotos muy frescas y divertidas.<\/p>\n<p>Otros consejos que no quiero dejar por alto para que la sesi\u00f3n de Smash Cake salga perfecta son:<\/p>\n<p><strong>Elegir una buena fecha,<\/strong> que no coincida con la cita en pediatra y vacunas de los 12 u 11 meses. Debemos programar la sesi\u00f3n para que sea antes de estas citas y el beb\u00e9 no est\u00e9 asustado de venir al estudio.<\/p>\n<p>Antes del d\u00eda de la sesi\u00f3n, pueden comer con la mano Nata (preguntar al pediatra) o petit suite para que sientan la textura en sus manos y no les provoque rechazo al mancharse las manos<\/p>\n<p>Traer un buen repertorio de canciones favoritas y juguetes, definitivamente animarlos y hacerlos felices es el \u00fanico prop\u00f3sito de esta sesi\u00f3n.<\/p>\n<p>Cualquier duda, no olvid\u00e9is de contactarme, yo estar\u00e9 encantado de ayudarlos a preparar una sesi\u00f3n inolvidable.<\/p>[\/et_pb_text][\/et_pb_column][\/et_pb_row][et_pb_row _builder_version=\u00bb4.18.0&#8243; _module_preset=\u00bbdefault\u00bb global_colors_info=\u00bb{}\u00bb][et_pb_column type=\u00bb4_4&#8243; _builder_version=\u00bb4.18.0&#8243; _module_preset=\u00bbdefault\u00bb global_colors_info=\u00bb{}\u00bb][et_pb_gallery _builder_version=\u00bb4.18.0&#8243; _module_preset=\u00bbdefault\u00bb gallery_ids=\u00bb358,359,360,361,362&#8243; gallery_orderby=\u00bbrand\u00bb fullwidth=\u00bbon\u00bb auto=\u00bbon\u00bb hover_enabled=\u00bb0&#8243; sticky_enabled=\u00bb0&#8243;][\/et_pb_gallery][\/et_pb_column][\/et_pb_row][et_pb_row _builder_version=\u00bb4.18.0&#8243; _module_preset=\u00bbdefault\u00bb global_colors_info=\u00bb{}\u00bb][et_pb_column type=\u00bb4_4&#8243; _builder_version=\u00bb4.18.0&#8243; _module_preset=\u00bbdefault\u00bb global_colors_info=\u00bb{}\u00bb][et_pb_button button_url=\u00bbhttps:\/\/app.uphlow.com\/booking\/e47WirxE69uotPEDS\u00bb button_text=\u00bbReserva tu sesi\u00f3n aqu\u00ed\u00bb button_alignment=\u00bbcenter\u00bb _builder_version=\u00bb4.18.0&#8243; _module_preset=\u00bbdefault\u00bb custom_button=\u00bbon\u00bb button_text_color=\u00bb#a52a2a\u00bb custom_margin=\u00bb-3px|||||\u00bb custom_padding=\u00bb4px|||||\u00bb hover_enabled=\u00bb0&#8243; global_colors_info=\u00bb{}\u00bb sticky_enabled=\u00bb0&#8243;][\/et_pb_button][\/et_pb_column][\/et_pb_row][\/et_pb_section]\n","protected":false},"excerpt":{"rendered":"<p>Las sesiones de 1 a\u00f1o son, simplemente, preciosas. Podemos tener a ese beb\u00e9, que comienza ya a independizarse, mostrar su personalidad y ser muy divertido. Definitivamente un recuerdo inexorable. Sobre todo porque el tiempo pasa tan r\u00e1pido, que nos echa tierra en los ojos en los primeros a\u00f1os y volver atr\u00e1s a trav\u00e9s con las [&hellip;]<\/p>\n","protected":false},"author":4,"featured_media":362,"comment_status":"open","ping_status":"open","sticky":false,"template":"","format":"standard","meta":{"_et_pb_use_builder":"on","_et_pb_old_content":"","_et_gb_content_width":"","two_page_speed":[],"_joinchat":[],"footnotes":""},"categories":[19],"tags":[],"yoast_head":"<!-- This site is optimized with the Yoast SEO plugin v24.3 - https:\/\/yoast.com\/wordpress\/plugins\/seo\/ -->\n<title>Todo lo que necesitas saber sobre las sesiones de Smash Cake - Estudio fotogr\u00e1fico especializado en fotograf\u00eda infantil, maternidad, beb\u00e9s y familias en Vila Seca Tarragona | Dani Legaz Fotograf\u00eda<\/title>\n<meta name=\"robots\" content=\"index, follow, max-snippet:-1, max-image-preview:large, max-video-preview:-1\" \/>\n<link rel=\"canonical\" href=\"https:\/\/danilegazfotografo.com\/ca\/todo-lo-que-necesitas-saber-sobre-las-sesiones-de-smash-cake\/\" \/>\n<meta property=\"og:locale\" content=\"ca_ES\" \/>\n<meta property=\"og:type\" content=\"article\" \/>\n<meta property=\"og:title\" content=\"Todo lo que necesitas saber sobre las sesiones de Smash Cake - Estudio fotogr\u00e1fico especializado en fotograf\u00eda infantil, maternidad, beb\u00e9s y familias en Vila Seca Tarragona | Dani Legaz Fotograf\u00eda\" \/>\n<meta property=\"og:description\" content=\"Las sesiones de 1 a\u00f1o son, simplemente, preciosas. Podemos tener a ese beb\u00e9, que comienza ya a independizarse, mostrar su personalidad y ser muy divertido. Definitivamente un recuerdo inexorable. Sobre todo porque el tiempo pasa tan r\u00e1pido, que nos echa tierra en los ojos en los primeros a\u00f1os y volver atr\u00e1s a trav\u00e9s con las [&hellip;]\" \/>\n<meta property=\"og:url\" content=\"https:\/\/danilegazfotografo.com\/ca\/todo-lo-que-necesitas-saber-sobre-las-sesiones-de-smash-cake\/\" \/>\n<meta property=\"og:site_name\" content=\"Estudio fotogr\u00e1fico especializado en fotograf\u00eda infantil, maternidad, beb\u00e9s y familias en Vila Seca Tarragona | Dani Legaz Fotograf\u00eda\" \/>\n<meta property=\"article:published_time\" content=\"2022-12-14T13:00:00+00:00\" \/>\n<meta property=\"article:modified_time\" content=\"2022-12-14T12:35:59+00:00\" \/>\n<meta property=\"og:image\" content=\"https:\/\/danilegazfotografo.com\/wp-content\/uploads\/2022\/12\/ROI__186-1024x683.png\" \/>\n\t<meta property=\"og:image:width\" content=\"1024\" \/>\n\t<meta property=\"og:image:height\" content=\"683\" \/>\n\t<meta property=\"og:image:type\" content=\"image\/png\" \/>\n<meta name=\"author\" content=\"Maca\" \/>\n<meta name=\"twitter:card\" content=\"summary_large_image\" \/>\n<meta name=\"twitter:label1\" content=\"Escrit per\" \/>\n\t<meta name=\"twitter:data1\" content=\"Maca\" \/>\n\t<meta name=\"twitter:label2\" content=\"Temps estimat de lectura\" \/>\n\t<meta name=\"twitter:data2\" content=\"5 minuts\" \/>\n<script type=\"application\/ld+json\" class=\"yoast-schema-graph\">{\"@context\":\"https:\/\/schema.org\",\"@graph\":[{\"@type\":\"WebPage\",\"@id\":\"https:\/\/danilegazfotografo.com\/todo-lo-que-necesitas-saber-sobre-las-sesiones-de-smash-cake\/\",\"url\":\"https:\/\/danilegazfotografo.com\/todo-lo-que-necesitas-saber-sobre-las-sesiones-de-smash-cake\/\",\"name\":\"Todo lo que necesitas saber sobre las sesiones de Smash Cake - Estudio fotogr\u00e1fico especializado en fotograf\u00eda infantil, maternidad, beb\u00e9s y familias en Vila Seca Tarragona | Dani Legaz Fotograf\u00eda\",\"isPartOf\":{\"@id\":\"https:\/\/danilegazfotografo.com\/#website\"},\"primaryImageOfPage\":{\"@id\":\"https:\/\/danilegazfotografo.com\/todo-lo-que-necesitas-saber-sobre-las-sesiones-de-smash-cake\/#primaryimage\"},\"image\":{\"@id\":\"https:\/\/danilegazfotografo.com\/todo-lo-que-necesitas-saber-sobre-las-sesiones-de-smash-cake\/#primaryimage\"},\"thumbnailUrl\":\"https:\/\/danilegazfotografo.com\/wp-content\/uploads\/2022\/12\/ROI__186.png\",\"datePublished\":\"2022-12-14T13:00:00+00:00\",\"dateModified\":\"2022-12-14T12:35:59+00:00\",\"author\":{\"@id\":\"https:\/\/danilegazfotografo.com\/#\/schema\/person\/95d3ebb1b6099c77d7386f8aee2fb440\"},\"breadcrumb\":{\"@id\":\"https:\/\/danilegazfotografo.com\/todo-lo-que-necesitas-saber-sobre-las-sesiones-de-smash-cake\/#breadcrumb\"},\"inLanguage\":\"ca\",\"potentialAction\":[{\"@type\":\"ReadAction\",\"target\":[\"https:\/\/danilegazfotografo.com\/todo-lo-que-necesitas-saber-sobre-las-sesiones-de-smash-cake\/\"]}]},{\"@type\":\"ImageObject\",\"inLanguage\":\"ca\",\"@id\":\"https:\/\/danilegazfotografo.com\/todo-lo-que-necesitas-saber-sobre-las-sesiones-de-smash-cake\/#primaryimage\",\"url\":\"https:\/\/danilegazfotografo.com\/wp-content\/uploads\/2022\/12\/ROI__186.png\",\"contentUrl\":\"https:\/\/danilegazfotografo.com\/wp-content\/uploads\/2022\/12\/ROI__186.png\",\"width\":3120,\"height\":2080,\"caption\":\"Fotografo infantil vilaseca tarragona 18\"},{\"@type\":\"BreadcrumbList\",\"@id\":\"https:\/\/danilegazfotografo.com\/todo-lo-que-necesitas-saber-sobre-las-sesiones-de-smash-cake\/#breadcrumb\",\"itemListElement\":[{\"@type\":\"ListItem\",\"position\":1,\"name\":\"Portada\",\"item\":\"https:\/\/danilegazfotografo.com\/\"},{\"@type\":\"ListItem\",\"position\":2,\"name\":\"Todo lo que necesitas saber sobre las sesiones de Smash Cake\"}]},{\"@type\":\"WebSite\",\"@id\":\"https:\/\/danilegazfotografo.com\/#website\",\"url\":\"https:\/\/danilegazfotografo.com\/\",\"name\":\"Estudio fotogr\u00e1fico especializado en fotograf\u00eda infantil, maternidad, beb\u00e9s y familias en Vila Seca Tarragona | Dani Legaz Fotograf\u00eda\",\"description\":\"En Dani Legaz Fotograf\u00eda, nuestro estudio fotogr\u00e1fico en Vila Seca Tarragona, somos especialistas en capturar los momentos m\u00e1s tiernos y emotivos de la vida de las familias. Ofrecemos reportajes en estudio y exteriores para beb\u00e9s, maternidad, ni\u00f1os y familias. \u00a1Cont\u00e1ctanos para crear juntos un recuerdo inolvidable!\",\"potentialAction\":[{\"@type\":\"SearchAction\",\"target\":{\"@type\":\"EntryPoint\",\"urlTemplate\":\"https:\/\/danilegazfotografo.com\/?s={search_term_string}\"},\"query-input\":{\"@type\":\"PropertyValueSpecification\",\"valueRequired\":true,\"valueName\":\"search_term_string\"}}],\"inLanguage\":\"ca\"},{\"@type\":\"Person\",\"@id\":\"https:\/\/danilegazfotografo.com\/#\/schema\/person\/95d3ebb1b6099c77d7386f8aee2fb440\",\"name\":\"Maca\",\"image\":{\"@type\":\"ImageObject\",\"inLanguage\":\"ca\",\"@id\":\"https:\/\/danilegazfotografo.com\/#\/schema\/person\/image\/\",\"url\":\"https:\/\/secure.gravatar.com\/avatar\/4361d116872da64b310ac98d014d2006?s=96&d=mm&r=g\",\"contentUrl\":\"https:\/\/secure.gravatar.com\/avatar\/4361d116872da64b310ac98d014d2006?s=96&d=mm&r=g\",\"caption\":\"Maca\"},\"url\":\"https:\/\/danilegazfotografo.com\/ca\/author\/maca\/\"}]}<\/script>\n<!-- \/ Yoast SEO plugin. -->","yoast_head_json":{"title":"Todo lo que necesitas saber sobre las sesiones de Smash Cake - Estudio fotogr\u00e1fico especializado en fotograf\u00eda infantil, maternidad, beb\u00e9s y familias en Vila Seca Tarragona | Dani Legaz Fotograf\u00eda","robots":{"index":"index","follow":"follow","max-snippet":"max-snippet:-1","max-image-preview":"max-image-preview:large","max-video-preview":"max-video-preview:-1"},"canonical":"https:\/\/danilegazfotografo.com\/ca\/todo-lo-que-necesitas-saber-sobre-las-sesiones-de-smash-cake\/","og_locale":"ca_ES","og_type":"article","og_title":"Todo lo que necesitas saber sobre las sesiones de Smash Cake - Estudio fotogr\u00e1fico especializado en fotograf\u00eda infantil, maternidad, beb\u00e9s y familias en Vila Seca Tarragona | Dani Legaz Fotograf\u00eda","og_description":"Las sesiones de 1 a\u00f1o son, simplemente, preciosas. Podemos tener a ese beb\u00e9, que comienza ya a independizarse, mostrar su personalidad y ser muy divertido. Definitivamente un recuerdo inexorable. Sobre todo porque el tiempo pasa tan r\u00e1pido, que nos echa tierra en los ojos en los primeros a\u00f1os y volver atr\u00e1s a trav\u00e9s con las [&hellip;]","og_url":"https:\/\/danilegazfotografo.com\/ca\/todo-lo-que-necesitas-saber-sobre-las-sesiones-de-smash-cake\/","og_site_name":"Estudio fotogr\u00e1fico especializado en fotograf\u00eda infantil, maternidad, beb\u00e9s y familias en Vila Seca Tarragona | Dani Legaz Fotograf\u00eda","article_published_time":"2022-12-14T13:00:00+00:00","article_modified_time":"2022-12-14T12:35:59+00:00","og_image":[{"width":1024,"height":683,"url":"https:\/\/danilegazfotografo.com\/wp-content\/uploads\/2022\/12\/ROI__186-1024x683.png","type":"image\/png"}],"author":"Maca","twitter_card":"summary_large_image","twitter_misc":{"Escrit per":"Maca","Temps estimat de lectura":"5 minuts"},"schema":{"@context":"https:\/\/schema.org","@graph":[{"@type":"WebPage","@id":"https:\/\/danilegazfotografo.com\/todo-lo-que-necesitas-saber-sobre-las-sesiones-de-smash-cake\/","url":"https:\/\/danilegazfotografo.com\/todo-lo-que-necesitas-saber-sobre-las-sesiones-de-smash-cake\/","name":"Todo lo que necesitas saber sobre las sesiones de Smash Cake - Estudio fotogr\u00e1fico especializado en fotograf\u00eda infantil, maternidad, beb\u00e9s y familias en Vila Seca Tarragona | Dani Legaz Fotograf\u00eda","isPartOf":{"@id":"https:\/\/danilegazfotografo.com\/#website"},"primaryImageOfPage":{"@id":"https:\/\/danilegazfotografo.com\/todo-lo-que-necesitas-saber-sobre-las-sesiones-de-smash-cake\/#primaryimage"},"image":{"@id":"https:\/\/danilegazfotografo.com\/todo-lo-que-necesitas-saber-sobre-las-sesiones-de-smash-cake\/#primaryimage"},"thumbnailUrl":"https:\/\/danilegazfotografo.com\/wp-content\/uploads\/2022\/12\/ROI__186.png","datePublished":"2022-12-14T13:00:00+00:00","dateModified":"2022-12-14T12:35:59+00:00","author":{"@id":"https:\/\/danilegazfotografo.com\/#\/schema\/person\/95d3ebb1b6099c77d7386f8aee2fb440"},"breadcrumb":{"@id":"https:\/\/danilegazfotografo.com\/todo-lo-que-necesitas-saber-sobre-las-sesiones-de-smash-cake\/#breadcrumb"},"inLanguage":"ca","potentialAction":[{"@type":"ReadAction","target":["https:\/\/danilegazfotografo.com\/todo-lo-que-necesitas-saber-sobre-las-sesiones-de-smash-cake\/"]}]},{"@type":"ImageObject","inLanguage":"ca","@id":"https:\/\/danilegazfotografo.com\/todo-lo-que-necesitas-saber-sobre-las-sesiones-de-smash-cake\/#primaryimage","url":"https:\/\/danilegazfotografo.com\/wp-content\/uploads\/2022\/12\/ROI__186.png","contentUrl":"https:\/\/danilegazfotografo.com\/wp-content\/uploads\/2022\/12\/ROI__186.png","width":3120,"height":2080,"caption":"Fotografo infantil vilaseca tarragona 18"},{"@type":"BreadcrumbList","@id":"https:\/\/danilegazfotografo.com\/todo-lo-que-necesitas-saber-sobre-las-sesiones-de-smash-cake\/#breadcrumb","itemListElement":[{"@type":"ListItem","position":1,"name":"Portada","item":"https:\/\/danilegazfotografo.com\/"},{"@type":"ListItem","position":2,"name":"Todo lo que necesitas saber sobre las sesiones de Smash Cake"}]},{"@type":"WebSite","@id":"https:\/\/danilegazfotografo.com\/#website","url":"https:\/\/danilegazfotografo.com\/","name":"Estudio fotogr\u00e1fico especializado en fotograf\u00eda infantil, maternidad, beb\u00e9s y familias en Vila Seca Tarragona | Dani Legaz Fotograf\u00eda","description":"En Dani Legaz Fotograf\u00eda, nuestro estudio fotogr\u00e1fico en Vila Seca Tarragona, somos especialistas en capturar los momentos m\u00e1s tiernos y emotivos de la vida de las familias. Ofrecemos reportajes en estudio y exteriores para beb\u00e9s, maternidad, ni\u00f1os y familias. \u00a1Cont\u00e1ctanos para crear juntos un recuerdo inolvidable!","potentialAction":[{"@type":"SearchAction","target":{"@type":"EntryPoint","urlTemplate":"https:\/\/danilegazfotografo.com\/?s={search_term_string}"},"query-input":{"@type":"PropertyValueSpecification","valueRequired":true,"valueName":"search_term_string"}}],"inLanguage":"ca"},{"@type":"Person","@id":"https:\/\/danilegazfotografo.com\/#\/schema\/person\/95d3ebb1b6099c77d7386f8aee2fb440","name":"Maca","image":{"@type":"ImageObject","inLanguage":"ca","@id":"https:\/\/danilegazfotografo.com\/#\/schema\/person\/image\/","url":"https:\/\/secure.gravatar.com\/avatar\/4361d116872da64b310ac98d014d2006?s=96&d=mm&r=g","contentUrl":"https:\/\/secure.gravatar.com\/avatar\/4361d116872da64b310ac98d014d2006?s=96&d=mm&r=g","caption":"Maca"},"url":"https:\/\/danilegazfotografo.com\/ca\/author\/maca\/"}]}},"_links":{"self":[{"href":"https:\/\/danilegazfotografo.com\/ca\/wp-json\/wp\/v2\/posts\/355"}],"collection":[{"href":"https:\/\/danilegazfotografo.com\/ca\/wp-json\/wp\/v2\/posts"}],"about":[{"href":"https:\/\/danilegazfotografo.com\/ca\/wp-json\/wp\/v2\/types\/post"}],"author":[{"embeddable":true,"href":"https:\/\/danilegazfotografo.com\/ca\/wp-json\/wp\/v2\/users\/4"}],"replies":[{"embeddable":true,"href":"https:\/\/danilegazfotografo.com\/ca\/wp-json\/wp\/v2\/comments?post=355"}],"version-history":[{"count":3,"href":"https:\/\/danilegazfotografo.com\/ca\/wp-json\/wp\/v2\/posts\/355\/revisions"}],"predecessor-version":[{"id":364,"href":"https:\/\/danilegazfotografo.com\/ca\/wp-json\/wp\/v2\/posts\/355\/revisions\/364"}],"wp:featuredmedia":[{"embeddable":true,"href":"https:\/\/danilegazfotografo.com\/ca\/wp-json\/wp\/v2\/media\/362"}],"wp:attachment":[{"href":"https:\/\/danilegazfotografo.com\/ca\/wp-json\/wp\/v2\/media?parent=355"}],"wp:term":[{"taxonomy":"category","embeddable":true,"href":"https:\/\/danilegazfotografo.com\/ca\/wp-json\/wp\/v2\/categories?post=355"},{"taxonomy":"post_tag","embeddable":true,"href":"https:\/\/danilegazfotografo.com\/ca\/wp-json\/wp\/v2\/tags?post=355"}],"curies":[{"name":"wp","href":"https:\/\/api.w.org\/{rel}","templated":true}]}}