{"id":3142,"date":"2025-07-30T09:34:40","date_gmt":"2025-07-30T07:34:40","guid":{"rendered":"https:\/\/danilegazfotografo.com\/?p=3142"},"modified":"2025-07-30T09:40:51","modified_gmt":"2025-07-30T07:40:51","slug":"lo-que-daria-por-una-foto-con-mi-abuela","status":"publish","type":"post","link":"https:\/\/danilegazfotografo.com\/ca\/lo-que-daria-por-una-foto-con-mi-abuela\/","title":{"rendered":"Lo que dar\u00eda por una foto con mi abuela&#8230;"},"content":{"rendered":"<p data-start=\"270\" data-end=\"692\">Si te soy sincero, pagar\u00eda lo que fuera por tener hoy una foto con mi abuela. No una de esas im\u00e1genes casuales de un cumplea\u00f1os o una comida familiar donde apenas salimos bien. Hablo de una foto de verdad, una imagen donde estuvi\u00e9ramos los dos, mir\u00e1ndonos, ri\u00e9ndonos, abrazados. Una foto pensada, cuidada, que captara lo que sent\u00edamos el uno por el otro. Pero ya no est\u00e1. Y no tengo esa foto. Y no sabes cu\u00e1nto lo lamento.<\/p>\n<p data-start=\"694\" data-end=\"1009\">Con el tiempo, uno aprende que los recuerdos m\u00e1s valiosos no son las cosas materiales, sino las personas. Lo vemos cuando ocurre un desastre natural, un incendio, una inundaci\u00f3n\u2026 \u00bfQu\u00e9 es lo primero que la gente intenta salvar? Las fotos. Porque en ellas est\u00e1n nuestros afectos, nuestros v\u00ednculos, nuestras ra\u00edces.<\/p>\n<p data-start=\"1011\" data-end=\"1418\">Yo hago sesiones de fotos con abuelos y nietos no solo porque son entra\u00f1ables, sino porque son necesarias. No sabemos cu\u00e1nto tiempo vamos a tener a nuestros mayores cerca. Ellos tienen historias, arrugas que han vivido m\u00e1s que cualquier libro, manos que han cuidado y sostenido generaciones enteras. Y los ni\u00f1os\u2026 ellos crecen, olvidan detalles, pero una imagen puede mantener viva esa conexi\u00f3n para siempre.<\/p>\n<p data-start=\"1420\" data-end=\"1746\">Muchos me dicen: \u201cya lo haremos m\u00e1s adelante\u201d, \u201cahora no es el momento\u201d, \u201ccuando haya ocasi\u00f3n\u201d. Pero la ocasi\u00f3n perfecta rara vez llega. Y cuando nos damos cuenta, a veces es tarde. Por eso, lo que hago no es solo tomar fotos. Es congelar una emoci\u00f3n, un legado, un amor que muchas veces se da por hecho\u2026 hasta que ya no est\u00e1.<\/p>\n<p data-start=\"1748\" data-end=\"2001\">As\u00ed que hoy no quiero hablarte como fot\u00f3grafo, sino como nieto. Haz esa sesi\u00f3n. Reg\u00e1late ese recuerdo. No por tener una bonita foto en la sala, sino por algo mucho m\u00e1s profundo: porque esa imagen ser\u00e1 un tesoro cuando lo \u00fanico que quede sea el recuerdo.<\/p>\n<p data-start=\"2003\" data-end=\"2045\">Y cr\u00e9eme, no hay nada m\u00e1s valioso que eso.<\/p>\n<p data-start=\"2003\" data-end=\"2045\"><a href='https:\/\/software.adminphoto.com\/formularioreservacampos\/public\/730cec8d7d37704f' class='small-button smallblack'>\ud83d\udcf8 Reserva tu sesi\u00f3n ahora<\/a><\/p>","protected":false},"excerpt":{"rendered":"<p>Si te soy sincero, pagar\u00eda lo que fuera por tener hoy una foto con mi abuela. No una de esas im\u00e1genes casuales de un cumplea\u00f1os o una comida familiar donde apenas salimos bien. Hablo de una foto de verdad, una imagen donde estuvi\u00e9ramos los dos, mir\u00e1ndonos, ri\u00e9ndonos, abrazados. Una foto pensada, cuidada, que captara lo [&hellip;]<\/p>\n","protected":false},"author":5,"featured_media":3144,"comment_status":"open","ping_status":"open","sticky":false,"template":"","format":"standard","meta":{"_et_pb_use_builder":"","_et_pb_old_content":"","_et_gb_content_width":"","two_page_speed":[],"_joinchat":[],"footnotes":""},"categories":[1],"tags":[],"yoast_head":"<!-- This site is optimized with the Yoast SEO plugin v24.3 - https:\/\/yoast.com\/wordpress\/plugins\/seo\/ -->\n<title>Lo que dar\u00eda por una foto con mi abuela... - Estudio fotogr\u00e1fico especializado en fotograf\u00eda infantil, maternidad, beb\u00e9s y familias en Vila Seca Tarragona | Dani Legaz Fotograf\u00eda<\/title>\n<meta name=\"robots\" content=\"index, follow, max-snippet:-1, max-image-preview:large, max-video-preview:-1\" \/>\n<link rel=\"canonical\" href=\"https:\/\/danilegazfotografo.com\/ca\/lo-que-daria-por-una-foto-con-mi-abuela\/\" \/>\n<meta property=\"og:locale\" content=\"ca_ES\" \/>\n<meta property=\"og:type\" content=\"article\" \/>\n<meta property=\"og:title\" content=\"Lo que dar\u00eda por una foto con mi abuela... - Estudio fotogr\u00e1fico especializado en fotograf\u00eda infantil, maternidad, beb\u00e9s y familias en Vila Seca Tarragona | Dani Legaz Fotograf\u00eda\" \/>\n<meta property=\"og:description\" content=\"Si te soy sincero, pagar\u00eda lo que fuera por tener hoy una foto con mi abuela. No una de esas im\u00e1genes casuales de un cumplea\u00f1os o una comida familiar donde apenas salimos bien. Hablo de una foto de verdad, una imagen donde estuvi\u00e9ramos los dos, mir\u00e1ndonos, ri\u00e9ndonos, abrazados. Una foto pensada, cuidada, que captara lo [&hellip;]\" \/>\n<meta property=\"og:url\" content=\"https:\/\/danilegazfotografo.com\/ca\/lo-que-daria-por-una-foto-con-mi-abuela\/\" \/>\n<meta property=\"og:site_name\" content=\"Estudio fotogr\u00e1fico especializado en fotograf\u00eda infantil, maternidad, beb\u00e9s y familias en Vila Seca Tarragona | Dani Legaz Fotograf\u00eda\" \/>\n<meta property=\"article:published_time\" content=\"2025-07-30T07:34:40+00:00\" \/>\n<meta property=\"article:modified_time\" content=\"2025-07-30T07:40:51+00:00\" \/>\n<meta property=\"og:image\" content=\"https:\/\/danilegazfotografo.com\/wp-content\/uploads\/2025\/07\/DAFNE-PRIMER-CUMPLE_146-2.jpg\" \/>\n\t<meta property=\"og:image:width\" content=\"1818\" \/>\n\t<meta property=\"og:image:height\" content=\"1212\" \/>\n\t<meta property=\"og:image:type\" content=\"image\/jpeg\" \/>\n<meta name=\"author\" content=\"Mariona Legaz\" \/>\n<meta name=\"twitter:card\" content=\"summary_large_image\" \/>\n<meta name=\"twitter:label1\" content=\"Escrit per\" \/>\n\t<meta name=\"twitter:data1\" content=\"Mariona Legaz\" \/>\n\t<meta name=\"twitter:label2\" content=\"Temps estimat de lectura\" \/>\n\t<meta name=\"twitter:data2\" content=\"2 minuts\" \/>\n<script type=\"application\/ld+json\" class=\"yoast-schema-graph\">{\"@context\":\"https:\/\/schema.org\",\"@graph\":[{\"@type\":\"WebPage\",\"@id\":\"https:\/\/danilegazfotografo.com\/lo-que-daria-por-una-foto-con-mi-abuela\/\",\"url\":\"https:\/\/danilegazfotografo.com\/lo-que-daria-por-una-foto-con-mi-abuela\/\",\"name\":\"Lo que dar\u00eda por una foto con mi abuela... - Estudio fotogr\u00e1fico especializado en fotograf\u00eda infantil, maternidad, beb\u00e9s y familias en Vila Seca Tarragona | Dani Legaz Fotograf\u00eda\",\"isPartOf\":{\"@id\":\"https:\/\/danilegazfotografo.com\/#website\"},\"primaryImageOfPage\":{\"@id\":\"https:\/\/danilegazfotografo.com\/lo-que-daria-por-una-foto-con-mi-abuela\/#primaryimage\"},\"image\":{\"@id\":\"https:\/\/danilegazfotografo.com\/lo-que-daria-por-una-foto-con-mi-abuela\/#primaryimage\"},\"thumbnailUrl\":\"https:\/\/danilegazfotografo.com\/wp-content\/uploads\/2025\/07\/DAFNE-PRIMER-CUMPLE_146-2.jpg\",\"datePublished\":\"2025-07-30T07:34:40+00:00\",\"dateModified\":\"2025-07-30T07:40:51+00:00\",\"author\":{\"@id\":\"https:\/\/danilegazfotografo.com\/#\/schema\/person\/a20ecaf58c7031a6772444b1176dcc40\"},\"breadcrumb\":{\"@id\":\"https:\/\/danilegazfotografo.com\/lo-que-daria-por-una-foto-con-mi-abuela\/#breadcrumb\"},\"inLanguage\":\"ca\",\"potentialAction\":[{\"@type\":\"ReadAction\",\"target\":[\"https:\/\/danilegazfotografo.com\/lo-que-daria-por-una-foto-con-mi-abuela\/\"]}]},{\"@type\":\"ImageObject\",\"inLanguage\":\"ca\",\"@id\":\"https:\/\/danilegazfotografo.com\/lo-que-daria-por-una-foto-con-mi-abuela\/#primaryimage\",\"url\":\"https:\/\/danilegazfotografo.com\/wp-content\/uploads\/2025\/07\/DAFNE-PRIMER-CUMPLE_146-2.jpg\",\"contentUrl\":\"https:\/\/danilegazfotografo.com\/wp-content\/uploads\/2025\/07\/DAFNE-PRIMER-CUMPLE_146-2.jpg\",\"width\":1818,\"height\":1212},{\"@type\":\"BreadcrumbList\",\"@id\":\"https:\/\/danilegazfotografo.com\/lo-que-daria-por-una-foto-con-mi-abuela\/#breadcrumb\",\"itemListElement\":[{\"@type\":\"ListItem\",\"position\":1,\"name\":\"Portada\",\"item\":\"https:\/\/danilegazfotografo.com\/\"},{\"@type\":\"ListItem\",\"position\":2,\"name\":\"Lo que dar\u00eda por una foto con mi abuela&#8230;\"}]},{\"@type\":\"WebSite\",\"@id\":\"https:\/\/danilegazfotografo.com\/#website\",\"url\":\"https:\/\/danilegazfotografo.com\/\",\"name\":\"Estudio fotogr\u00e1fico especializado en fotograf\u00eda infantil, maternidad, beb\u00e9s y familias en Vila Seca Tarragona | Dani Legaz Fotograf\u00eda\",\"description\":\"En Dani Legaz Fotograf\u00eda, nuestro estudio fotogr\u00e1fico en Vila Seca Tarragona, somos especialistas en capturar los momentos m\u00e1s tiernos y emotivos de la vida de las familias. Ofrecemos reportajes en estudio y exteriores para beb\u00e9s, maternidad, ni\u00f1os y familias. \u00a1Cont\u00e1ctanos para crear juntos un recuerdo inolvidable!\",\"potentialAction\":[{\"@type\":\"SearchAction\",\"target\":{\"@type\":\"EntryPoint\",\"urlTemplate\":\"https:\/\/danilegazfotografo.com\/?s={search_term_string}\"},\"query-input\":{\"@type\":\"PropertyValueSpecification\",\"valueRequired\":true,\"valueName\":\"search_term_string\"}}],\"inLanguage\":\"ca\"},{\"@type\":\"Person\",\"@id\":\"https:\/\/danilegazfotografo.com\/#\/schema\/person\/a20ecaf58c7031a6772444b1176dcc40\",\"name\":\"Mariona Legaz\",\"image\":{\"@type\":\"ImageObject\",\"inLanguage\":\"ca\",\"@id\":\"https:\/\/danilegazfotografo.com\/#\/schema\/person\/image\/\",\"url\":\"https:\/\/secure.gravatar.com\/avatar\/cf542a96fcdca4398f9e763ab3d19337?s=96&d=mm&r=g\",\"contentUrl\":\"https:\/\/secure.gravatar.com\/avatar\/cf542a96fcdca4398f9e763ab3d19337?s=96&d=mm&r=g\",\"caption\":\"Mariona Legaz\"},\"url\":\"https:\/\/danilegazfotografo.com\/ca\/author\/mariona\/\"}]}<\/script>\n<!-- \/ Yoast SEO plugin. -->","yoast_head_json":{"title":"Lo que dar\u00eda por una foto con mi abuela... - Estudio fotogr\u00e1fico especializado en fotograf\u00eda infantil, maternidad, beb\u00e9s y familias en Vila Seca Tarragona | Dani Legaz Fotograf\u00eda","robots":{"index":"index","follow":"follow","max-snippet":"max-snippet:-1","max-image-preview":"max-image-preview:large","max-video-preview":"max-video-preview:-1"},"canonical":"https:\/\/danilegazfotografo.com\/ca\/lo-que-daria-por-una-foto-con-mi-abuela\/","og_locale":"ca_ES","og_type":"article","og_title":"Lo que dar\u00eda por una foto con mi abuela... - Estudio fotogr\u00e1fico especializado en fotograf\u00eda infantil, maternidad, beb\u00e9s y familias en Vila Seca Tarragona | Dani Legaz Fotograf\u00eda","og_description":"Si te soy sincero, pagar\u00eda lo que fuera por tener hoy una foto con mi abuela. No una de esas im\u00e1genes casuales de un cumplea\u00f1os o una comida familiar donde apenas salimos bien. Hablo de una foto de verdad, una imagen donde estuvi\u00e9ramos los dos, mir\u00e1ndonos, ri\u00e9ndonos, abrazados. Una foto pensada, cuidada, que captara lo [&hellip;]","og_url":"https:\/\/danilegazfotografo.com\/ca\/lo-que-daria-por-una-foto-con-mi-abuela\/","og_site_name":"Estudio fotogr\u00e1fico especializado en fotograf\u00eda infantil, maternidad, beb\u00e9s y familias en Vila Seca Tarragona | Dani Legaz Fotograf\u00eda","article_published_time":"2025-07-30T07:34:40+00:00","article_modified_time":"2025-07-30T07:40:51+00:00","og_image":[{"width":1818,"height":1212,"url":"https:\/\/danilegazfotografo.com\/wp-content\/uploads\/2025\/07\/DAFNE-PRIMER-CUMPLE_146-2.jpg","type":"image\/jpeg"}],"author":"Mariona Legaz","twitter_card":"summary_large_image","twitter_misc":{"Escrit per":"Mariona Legaz","Temps estimat de lectura":"2 minuts"},"schema":{"@context":"https:\/\/schema.org","@graph":[{"@type":"WebPage","@id":"https:\/\/danilegazfotografo.com\/lo-que-daria-por-una-foto-con-mi-abuela\/","url":"https:\/\/danilegazfotografo.com\/lo-que-daria-por-una-foto-con-mi-abuela\/","name":"Lo que dar\u00eda por una foto con mi abuela... - Estudio fotogr\u00e1fico especializado en fotograf\u00eda infantil, maternidad, beb\u00e9s y familias en Vila Seca Tarragona | Dani Legaz Fotograf\u00eda","isPartOf":{"@id":"https:\/\/danilegazfotografo.com\/#website"},"primaryImageOfPage":{"@id":"https:\/\/danilegazfotografo.com\/lo-que-daria-por-una-foto-con-mi-abuela\/#primaryimage"},"image":{"@id":"https:\/\/danilegazfotografo.com\/lo-que-daria-por-una-foto-con-mi-abuela\/#primaryimage"},"thumbnailUrl":"https:\/\/danilegazfotografo.com\/wp-content\/uploads\/2025\/07\/DAFNE-PRIMER-CUMPLE_146-2.jpg","datePublished":"2025-07-30T07:34:40+00:00","dateModified":"2025-07-30T07:40:51+00:00","author":{"@id":"https:\/\/danilegazfotografo.com\/#\/schema\/person\/a20ecaf58c7031a6772444b1176dcc40"},"breadcrumb":{"@id":"https:\/\/danilegazfotografo.com\/lo-que-daria-por-una-foto-con-mi-abuela\/#breadcrumb"},"inLanguage":"ca","potentialAction":[{"@type":"ReadAction","target":["https:\/\/danilegazfotografo.com\/lo-que-daria-por-una-foto-con-mi-abuela\/"]}]},{"@type":"ImageObject","inLanguage":"ca","@id":"https:\/\/danilegazfotografo.com\/lo-que-daria-por-una-foto-con-mi-abuela\/#primaryimage","url":"https:\/\/danilegazfotografo.com\/wp-content\/uploads\/2025\/07\/DAFNE-PRIMER-CUMPLE_146-2.jpg","contentUrl":"https:\/\/danilegazfotografo.com\/wp-content\/uploads\/2025\/07\/DAFNE-PRIMER-CUMPLE_146-2.jpg","width":1818,"height":1212},{"@type":"BreadcrumbList","@id":"https:\/\/danilegazfotografo.com\/lo-que-daria-por-una-foto-con-mi-abuela\/#breadcrumb","itemListElement":[{"@type":"ListItem","position":1,"name":"Portada","item":"https:\/\/danilegazfotografo.com\/"},{"@type":"ListItem","position":2,"name":"Lo que dar\u00eda por una foto con mi abuela&#8230;"}]},{"@type":"WebSite","@id":"https:\/\/danilegazfotografo.com\/#website","url":"https:\/\/danilegazfotografo.com\/","name":"Estudio fotogr\u00e1fico especializado en fotograf\u00eda infantil, maternidad, beb\u00e9s y familias en Vila Seca Tarragona | Dani Legaz Fotograf\u00eda","description":"En Dani Legaz Fotograf\u00eda, nuestro estudio fotogr\u00e1fico en Vila Seca Tarragona, somos especialistas en capturar los momentos m\u00e1s tiernos y emotivos de la vida de las familias. Ofrecemos reportajes en estudio y exteriores para beb\u00e9s, maternidad, ni\u00f1os y familias. \u00a1Cont\u00e1ctanos para crear juntos un recuerdo inolvidable!","potentialAction":[{"@type":"SearchAction","target":{"@type":"EntryPoint","urlTemplate":"https:\/\/danilegazfotografo.com\/?s={search_term_string}"},"query-input":{"@type":"PropertyValueSpecification","valueRequired":true,"valueName":"search_term_string"}}],"inLanguage":"ca"},{"@type":"Person","@id":"https:\/\/danilegazfotografo.com\/#\/schema\/person\/a20ecaf58c7031a6772444b1176dcc40","name":"Mariona Legaz","image":{"@type":"ImageObject","inLanguage":"ca","@id":"https:\/\/danilegazfotografo.com\/#\/schema\/person\/image\/","url":"https:\/\/secure.gravatar.com\/avatar\/cf542a96fcdca4398f9e763ab3d19337?s=96&d=mm&r=g","contentUrl":"https:\/\/secure.gravatar.com\/avatar\/cf542a96fcdca4398f9e763ab3d19337?s=96&d=mm&r=g","caption":"Mariona Legaz"},"url":"https:\/\/danilegazfotografo.com\/ca\/author\/mariona\/"}]}},"_links":{"self":[{"href":"https:\/\/danilegazfotografo.com\/ca\/wp-json\/wp\/v2\/posts\/3142"}],"collection":[{"href":"https:\/\/danilegazfotografo.com\/ca\/wp-json\/wp\/v2\/posts"}],"about":[{"href":"https:\/\/danilegazfotografo.com\/ca\/wp-json\/wp\/v2\/types\/post"}],"author":[{"embeddable":true,"href":"https:\/\/danilegazfotografo.com\/ca\/wp-json\/wp\/v2\/users\/5"}],"replies":[{"embeddable":true,"href":"https:\/\/danilegazfotografo.com\/ca\/wp-json\/wp\/v2\/comments?post=3142"}],"version-history":[{"count":3,"href":"https:\/\/danilegazfotografo.com\/ca\/wp-json\/wp\/v2\/posts\/3142\/revisions"}],"predecessor-version":[{"id":3146,"href":"https:\/\/danilegazfotografo.com\/ca\/wp-json\/wp\/v2\/posts\/3142\/revisions\/3146"}],"wp:featuredmedia":[{"embeddable":true,"href":"https:\/\/danilegazfotografo.com\/ca\/wp-json\/wp\/v2\/media\/3144"}],"wp:attachment":[{"href":"https:\/\/danilegazfotografo.com\/ca\/wp-json\/wp\/v2\/media?parent=3142"}],"wp:term":[{"taxonomy":"category","embeddable":true,"href":"https:\/\/danilegazfotografo.com\/ca\/wp-json\/wp\/v2\/categories?post=3142"},{"taxonomy":"post_tag","embeddable":true,"href":"https:\/\/danilegazfotografo.com\/ca\/wp-json\/wp\/v2\/tags?post=3142"}],"curies":[{"name":"wp","href":"https:\/\/api.w.org\/{rel}","templated":true}]}}