{"id":308,"date":"2022-11-16T14:00:00","date_gmt":"2022-11-16T13:00:00","guid":{"rendered":"https:\/\/danilegazfotografo.com\/?p=308"},"modified":"2022-11-14T11:56:50","modified_gmt":"2022-11-14T10:56:50","slug":"por-que-ponerse-muy-guapo-para-la-sesion-de-navidad","status":"publish","type":"post","link":"https:\/\/danilegazfotografo.com\/ca\/por-que-ponerse-muy-guapo-para-la-sesion-de-navidad\/","title":{"rendered":"\u00bfPor qu\u00e9 ponerse muy guap@, muy guap@ para la Sesi\u00f3n de Navidad?"},"content":{"rendered":"\n[et_pb_section fb_built=\u00bb1&#8243; _builder_version=\u00bb4.18.0&#8243; _module_preset=\u00bbdefault\u00bb custom_padding=\u00bb1px||3px|||\u00bb global_colors_info=\u00bb{}\u00bb][et_pb_row _builder_version=\u00bb4.18.0&#8243; _module_preset=\u00bbdefault\u00bb custom_margin=\u00bb|auto|1px|auto||\u00bb custom_padding=\u00bb1px||4px|||\u00bb global_colors_info=\u00bb{}\u00bb][et_pb_column type=\u00bb4_4&#8243; _builder_version=\u00bb4.18.0&#8243; _module_preset=\u00bbdefault\u00bb global_colors_info=\u00bb{}\u00bb][et_pb_text _builder_version=\u00bb4.18.0&#8243; _module_preset=\u00bbdefault\u00bb min_height=\u00bb849px\u00bb custom_margin=\u00bb50px||-1px|||\u00bb custom_padding=\u00bb||0px|||\u00bb global_colors_info=\u00bb{}\u00bb]<p>\u00bfPor qu\u00e9 <strong>ponerse muy guap@, muy guap@ para la Sesi\u00f3n de Navidad?<\/strong><\/p>\n<p>Crear una sesi\u00f3n de Navidad es una mezcla de emociones y sensaciones, alegr\u00eda, perfeccionismo, ansiedad, ilusi\u00f3n, risas, l\u00e1grimas: pero sobre todo, diversi\u00f3n. <strong>Durante los 30 minutos que compartimos juntos, os aseguro que lo que est\u00e1n garantizadas son las risas,<\/strong> m\u00e1s cuando las navidades son tan dulces como las de este a\u00f1o.<\/p>\n<p>Ya sab\u00e9is que tengo m\u00e1s de 20 a\u00f1os fotografiando y me llena de emoci\u00f3n, como el primer d\u00eda, vivir a vuestro lado momentos tan especiales. Por eso, cada a\u00f1o es un reto para m\u00ed elegir la tem\u00e1tica, porque en mis decorados siempre busco que la magia os sorprenda y este a\u00f1o, \u00a1vaya que lo he logrado! \ud83c\udf84<\/p>\n<p>Tenemos ya unas de semanas disfrutando de las mini sesiones de Navidad y podemos decir que son perfectamente dulces: <strong>Sesiones cortas, llenas de amor y de mucha harina \ud83d\ude1c<\/strong><\/p>\n<p>No olvidemos que el prop\u00f3sito de las mini sesiones es divertirse y poder capturar hermosos momentos familiares. <strong>Echarse unas cuentas risas, abrazarse, jugar y vivir el momento.<\/strong> Si ya lo digo siempre, el \u00fanico problema de las mini sesiones es que nadie quiere que terminen.<\/p>\n<p>Y os preguntar\u00e9is, <strong>\u00bfPor qu\u00e9 es importante el vestuario en las Sesiones de Navidad?<\/strong><\/p>\n<p>Las fotos de Navidad marcan una \u00e9poca, un a\u00f1o, hacen un cierre y por ello es tan importante que las destaquemos <strong>la decoraci\u00f3n, logrando un ambiente \u00fanico y lleno de magia.<\/strong><\/p>\n<p>Este a\u00f1o, hemos decidido, como ya os hab\u00eda prometido, un vestuario minimalista:<br \/>Camiseta blanca y vaquero porque en el estudio se pondr\u00e1n unos preciosos mandilones a cuadros de color rojo.\u2063<\/p>\n<p>Y es que, adem\u00e1s, este sencillo vestuario me permite enfatizar en vuestras emociones y gestos, sin ninguna distracci\u00f3n. Logrando unas fotos totalmente enfocadas en la maravilla del momento. Sin olvidar que nos permite tener fotos atemporales, sin estar marcado por ninguna tendencia pasajera.<\/p>\n<p><strong>As\u00ed, las familias se olvidan y despreocupan de tema vestuario, pero siguen estando a tono con la tem\u00e1tica,<\/strong> dando como resultados fotos deliciosas, profesionales y totalmente en ambiente Navide\u00f1o.<\/p>\n<p>Espero que este art\u00edculo enfocado en el vestuario, que es un tema que s\u00e9 os da mucha curiosidad, os sea de utilidad para planificar el atuendo perfecto. Y si a\u00fan no hab\u00e9is reservado vuestro espacio para las mini sesiones de Navidad, os dejo el link con los huecos disponibles. Busca el que mejor te encaje:<\/p>\n<p><strong>&#8211; Pack Polvor\u00f3n 119\u20ac<\/strong><br \/><strong>&#8211; Pack Turr\u00f3n 149\u20ac<\/strong><br \/><strong>&#8211; Pack Rosc\u00f3n 199\u20ac<\/strong><\/p>[\/et_pb_text][\/et_pb_column][\/et_pb_row][et_pb_row _builder_version=\u00bb4.18.0&#8243; _module_preset=\u00bbdefault\u00bb min_height=\u00bb20px\u00bb global_colors_info=\u00bb{}\u00bb][et_pb_column type=\u00bb4_4&#8243; _builder_version=\u00bb4.18.0&#8243; _module_preset=\u00bbdefault\u00bb global_colors_info=\u00bb{}\u00bb][et_pb_button button_url=\u00bbhttps:\/\/app.uphlow.com\/booking\/5Ddf4RK7p98wws73r\u00bb button_text=\u00bbReserva tu sesi\u00f3n Navide\u00f1a aqu\u00ed desde 119\u20ac\u00bb button_alignment=\u00bbcenter\u00bb _builder_version=\u00bb4.18.0&#8243; _module_preset=\u00bbdefault\u00bb custom_button=\u00bbon\u00bb button_text_color=\u00bb#a52a2a\u00bb custom_margin=\u00bb-44px|||||\u00bb custom_padding=\u00bb0px|||||\u00bb global_colors_info=\u00bb{}\u00bb][\/et_pb_button][\/et_pb_column][\/et_pb_row][et_pb_row _builder_version=\u00bb4.18.0&#8243; _module_preset=\u00bbdefault\u00bb global_colors_info=\u00bb{}\u00bb][et_pb_column type=\u00bb4_4&#8243; _builder_version=\u00bb4.18.0&#8243; _module_preset=\u00bbdefault\u00bb global_colors_info=\u00bb{}\u00bb][et_pb_code _builder_version=\u00bb4.18.0&#8243; _module_preset=\u00bbdefault\u00bb min_height=\u00bb1156.3px\u00bb custom_margin=\u00bb-47px|||||\u00bb hover_enabled=\u00bb0&#8243; global_colors_info=\u00bb{}\u00bb sticky_enabled=\u00bb0&#8243;]<style id=\"bwg-style-0\">    #bwg_container1_0 #bwg_container2_0 .bwg-container-0.bwg-standard-thumbnails {      width: 1254px;              justify-content: center;        margin:0 auto !important;              background-color: rgba(255, 255, 255, 0.00);            padding-left: 4px;      padding-top: 4px;      max-width: 100%;            }        #bwg_container1_0 #bwg_container2_0 .bwg-container-0.bwg-standard-thumbnails .bwg-item {    justify-content: flex-start;      max-width: 250px;          }    #bwg_container1_0 #bwg_container2_0 .bwg-container-0.bwg-standard-thumbnails .bwg-item a {       margin-right: 4px;       margin-bottom: 4px;    }    #bwg_container1_0 #bwg_container2_0 .bwg-container-0.bwg-standard-thumbnails .bwg-item0 {      padding: 0px;            background-color:rgba(0,0,0, 0.30);      border: 0px none #CCCCCC;      opacity: 1.00;      border-radius: 0;      box-shadow: ;    }    #bwg_container1_0 #bwg_container2_0 .bwg-container-0.bwg-standard-thumbnails .bwg-item1 img {      max-height: none;      max-width: none;      padding: 0 !important;    }         @media only screen and (min-width: 480px) {\t\t#bwg_container1_0 #bwg_container2_0 .bwg-container-0.bwg-standard-thumbnails .bwg-item1 img {\t\t\t-webkit-transition: all .3s; transition: all .3s;\t\t}\t\t#bwg_container1_0 #bwg_container2_0 .bwg-container-0.bwg-standard-thumbnails .bwg-item1 img:hover {\t\t\t-ms-transform: scale(1.08);\t\t\t-webkit-transform: scale(1.08);\t\t\ttransform: scale(1.08);\t\t}\t\t\t\t.bwg-standard-thumbnails .bwg-zoom-effect .bwg-zoom-effect-overlay {\t\t\t\t\t\tbackground-color:rgba(0,0,0, 0.3);\t\t}\t\t.bwg-standard-thumbnails .bwg-zoom-effect:hover img {\t\t\t-ms-transform: scale(1.08);\t\t\t-webkit-transform: scale(1.08);\t\t\ttransform: scale(1.08);\t\t}\t\t      }\t    #bwg_container1_0 #bwg_container2_0 .bwg-container-0.bwg-standard-thumbnails .bwg-item1 {      padding-top: 56%;    }        #bwg_container1_0 #bwg_container2_0 .bwg-container-0.bwg-standard-thumbnails .bwg-title1 {      position: absolute;      top: 0;      z-index: 100;      width: 100%;      height: 100%;      display: flex;      justify-content: center;      align-content: center;      flex-direction: column;      opacity: 0;    }\t      #bwg_container1_0 #bwg_container2_0 .bwg-container-0.bwg-standard-thumbnails .bwg-title2,    #bwg_container1_0 #bwg_container2_0 .bwg-container-0.bwg-standard-thumbnails .bwg-ecommerce2 {      color: #FFFFFF;      font-family: Ubuntu;      font-size: 16px;      font-weight: bold;      padding: 2px;      text-shadow: ;      max-height: 100%;    }    #bwg_container1_0 #bwg_container2_0 .bwg-container-0.bwg-standard-thumbnails .bwg-thumb-description span {    color: #323A45;    font-family: Ubuntu;    font-size: 12px;    max-height: 100%;    word-wrap: break-word;    }    #bwg_container1_0 #bwg_container2_0 .bwg-container-0.bwg-standard-thumbnails .bwg-play-icon2 {      font-size: 32px;    }    #bwg_container1_0 #bwg_container2_0 .bwg-container-0.bwg-standard-thumbnails .bwg-ecommerce2 {      font-size: 19.2px;      color: #323A45;    }    <\/style>    <div id=\"bwg_container1_0\"         class=\"bwg_container bwg_thumbnail bwg_thumbnails \"         data-right-click-protection=\"0\"         data-bwg=\"0\"         data-scroll=\"0\"         data-gallery-type=\"thumbnails\"         data-gallery-view-type=\"thumbnails\"         data-current-url=\"\/ca\/wp-json\/wp\/v2\/posts\/308\"         data-lightbox-url=\"https:\/\/danilegazfotografo.com\/wp-admin\/admin-ajax.php?action=GalleryBox&#038;current_view=0&#038;gallery_id=2&#038;tag=0&#038;theme_id=1&#038;shortcode_id=3&#038;sort_by=date&#038;order_by=asc&#038;current_url=%2Fca%2Fwp-json%2Fwp%2Fv2%2Fposts%2F308\"         data-gallery-id=\"2\"         data-popup-width=\"800\"         data-popup-height=\"500\"         data-is-album=\"gallery\"         data-buttons-position=\"bottom\">      <div id=\"bwg_container2_0\">             <div id=\"ajax_loading_0\" class=\"bwg_loading_div_1\">      <div class=\"bwg_loading_div_2\">        <div class=\"bwg_loading_div_3\">          <div id=\"loading_div_0\" class=\"bwg_spider_ajax_loading\">          <\/div>        <\/div>      <\/div>    <\/div>            <form id=\"gal_front_form_0\"              class=\"bwg-hidden\"              method=\"post\"              action=\"#\"              data-current=\"0\"              data-shortcode-id=\"3\"              data-gallery-type=\"thumbnails\"              data-gallery-id=\"2\"              data-tag=\"0\"              data-album-id=\"0\"              data-theme-id=\"1\"              data-ajax-url=\"https:\/\/danilegazfotografo.com\/wp-admin\/admin-ajax.php?action=bwg_frontend_data\">          <div id=\"bwg_container3_0\" class=\"bwg-background bwg-background-0\">            <div style=\"width:100%\"><div class=\"wd_error\"><p><strong>No Images found.<\/strong><\/p><\/div><\/div>          <\/div>        <\/form>        <style>          #bwg_container1_0 #bwg_container2_0 #spider_popup_overlay_0 {          background-color: #EEEEEE;          opacity: 0.60;          }          <\/style>        <div id=\"bwg_spider_popup_loading_0\" class=\"bwg_spider_popup_loading\"><\/div>        <div id=\"spider_popup_overlay_0\" class=\"spider_popup_overlay\" onclick=\"spider_destroypopup(1000)\"><\/div>        <input type=\"hidden\" id=\"bwg_random_seed_0\" value=\"569103842\">                <\/div>    <\/div>    <script>      if (document.readyState === 'complete') {        if( typeof bwg_main_ready == 'function' ) {          if ( jQuery(\"#bwg_container1_0\").height() ) {            bwg_main_ready(jQuery(\"#bwg_container1_0\"));          }        }      } else {        document.addEventListener('DOMContentLoaded', function() {          if( typeof bwg_main_ready == 'function' ) {            if ( jQuery(\"#bwg_container1_0\").height() ) {             bwg_main_ready(jQuery(\"#bwg_container1_0\"));            }          }        });      }    <\/script>    [\/et_pb_code][\/et_pb_column][\/et_pb_row][\/et_pb_section]\n","protected":false},"excerpt":{"rendered":"<p>\u00bfPor qu\u00e9 ponerse muy guap@, muy guap@ para la Sesi\u00f3n de Navidad? Crear una sesi\u00f3n de Navidad es una mezcla de emociones y sensaciones, alegr\u00eda, perfeccionismo, ansiedad, ilusi\u00f3n, risas, l\u00e1grimas: pero sobre todo, diversi\u00f3n. Durante los 30 minutos que compartimos juntos, os aseguro que lo que est\u00e1n garantizadas son las risas, m\u00e1s cuando las navidades [&hellip;]<\/p>\n","protected":false},"author":4,"featured_media":327,"comment_status":"open","ping_status":"open","sticky":false,"template":"","format":"standard","meta":{"_et_pb_use_builder":"on","_et_pb_old_content":"[et_pb_section fb_built=\"1\" _builder_version=\"4.18.0\" _module_preset=\"default\" custom_padding=\"1px||3px|||\" global_colors_info=\"{}\"][et_pb_row _builder_version=\"4.18.0\" _module_preset=\"default\" custom_margin=\"|auto|1px|auto||\" custom_padding=\"1px||4px|||\" global_colors_info=\"{}\"][et_pb_column type=\"4_4\" _builder_version=\"4.18.0\" _module_preset=\"default\" global_colors_info=\"{}\"][et_pb_text _builder_version=\"4.18.0\" _module_preset=\"default\" min_height=\"849px\" custom_padding=\"||0px|||\" global_colors_info=\"{}\"]\n\nTe dejo 4 razones de por qu\u00e9 las mini sesiones son una buena idea\n\n\u00a1Hola familias!\n\nLas Mini Sesiones de Navidad est\u00e1n siendo un \u00e9xito rotundo, y quer\u00eda aprovechar esta entrada del blog para responder a todas las preguntas que hemos estado recibiendo \ud83d\ude0a\n\nComencemos por la duraci\u00f3n. Me pregunt\u00e1is:\n<ul>\n \t<li>\u00bfCu\u00e1l es su duraci\u00f3n?<\/li>\n \t<li>\u00bfY dar\u00e1 tiempo a todo?<\/li>\n \t<li>Dani, \u00bfest\u00e1s seguro?... Mi hijo es muy inquieto, t\u00fa no sabes donde te metes!!!<\/li>\n<\/ul>\nS\u00e9 que os preocupa, por eso hoy <strong>te quiero contar que llevamos 20 a\u00f1os trabajando con ni\u00f1os<\/strong> y este formato de sesiones es uno de mis favoritos y hoy te cuento los motivos y quiz\u00e1s ver\u00e1s que es IDEAL para ti y tu familia.\n\nDe hecho, estamos muy orgullosos de decir que, por nuestro estudio, en estos 20 a\u00f1os, han pasado m\u00e1s de 4.000 familias \u2764\ufe0f\n\nSi te est\u00e1s pensando en hacer la sesi\u00f3n, pero todav\u00eda te entran dudas, te dejamos unas excelentes razones de porque una mini sesi\u00f3n es una excelente idea:\n\n&nbsp;\n<ul>\n \t<li><strong>Diversi\u00f3n garantizada<\/strong> para toda la familia. Una Mini Sesi\u00f3n os permite atesorar fotos familiares, r\u00e1pidas y divertidas. Que siempre tendr\u00e1n un lugar muy especial en vuestro coraz\u00f3n.&nbsp;<\/li>\n \t<li><strong>Sesiones cortas,<\/strong> llenas de amor. El prop\u00f3sito de una mini sesi\u00f3n de 30 minutos es divertirse y poder capturar hermosos momentos familiares. Son solo unos pocos minutos de sonrisas y abrazos. Que no son forzados para nadie, mucho menos para los peques. De hecho, las mini sesiones se hacen f\u00e1ciles porque los peques no se cansan\u2026 el problema es que m\u00e1s bien siempre quieren m\u00e1s \ud83d\ude1c y se la pasan pipa.<\/li>\n \t<li><strong>Precios competitivos.<\/strong> Las mini sesiones dan la oportunidad a las familias de tener fotos profesionales a precios m\u00e1s asequibles, ya que su naturaleza de ser cortas nos permiten jugar con el tiempo, escenario y sacar lo mejor en una sesi\u00f3n que cuesta mucho menos que una sesi\u00f3n completa, eso s\u00ed, con la misma calidad y profesionalidad.<\/li>\n \t<li><strong>Tem\u00e1ticas divertidas.<\/strong> Adoramos la Navidad y siempre estamos buscando c\u00f3mo superarnos. Las mini sesiones son la excusa perfecta de hacer fotos en escenarios de ensue\u00f1o. Que nos sacan de la rutina y nos hacen vivir en un cuento por un ratito. Una experiencia inolvidable.<\/li>\n<\/ul>\nUna \u00faltima cosita, no te olvides que <strong>las citas son limitadas y solo se realizan durante octubre y noviembre.<\/strong> Si ya lo has decidido, puedes pasarte por mi agenda online y reservar t\u00fa misma el hueco que mejor te encaje (\u00a1date prisa qu\u00e9 las plazas vuelas!).\n\n&nbsp;\n<ul>\n \t<li>Pack Polvor\u00f3n 119\u20ac<\/li>\n \t<li>Pack Turr\u00f3n 149\u20ac<\/li>\n \t<li>Pack Rosc\u00f3n 199\u20ac<\/li>\n<\/ul>\n[\/et_pb_text][\/et_pb_column][\/et_pb_row][et_pb_row _builder_version=\"4.18.0\" _module_preset=\"default\" global_colors_info=\"{}\"][et_pb_column type=\"4_4\" _builder_version=\"4.18.0\" _module_preset=\"default\" global_colors_info=\"{}\"][et_pb_button button_url=\"https:\/\/app.uphlow.com\/booking\/5Ddf4RK7p98wws73r\" button_text=\"Reserva tu sesi\u00f3n Navide\u00f1a aqu\u00ed desde 119\u20ac\" button_alignment=\"center\" _builder_version=\"4.18.0\" _module_preset=\"default\" custom_button=\"on\" button_text_color=\"#a52a2a\" global_colors_info=\"{}\"][\/et_pb_button][\/et_pb_column][\/et_pb_row][et_pb_row _builder_version=\"4.18.0\" _module_preset=\"default\" global_colors_info=\"{}\"][et_pb_column type=\"4_4\" _builder_version=\"4.18.0\" _module_preset=\"default\" global_colors_info=\"{}\"][et_pb_code _builder_version=\"4.18.0\" _module_preset=\"default\" global_colors_info=\"{}\"][Best_Wordpress_Gallery id=\"2\" gal_title=\"Navidad 2022\"][\/et_pb_code][\/et_pb_column][\/et_pb_row][\/et_pb_section]","_et_gb_content_width":"","two_page_speed":[],"_joinchat":[],"footnotes":""},"categories":[19],"tags":[],"yoast_head":"<!-- This site is optimized with the Yoast SEO plugin v24.3 - https:\/\/yoast.com\/wordpress\/plugins\/seo\/ -->\n<title>\u00bfPor qu\u00e9 ponerse muy guap@, muy guap@ para la Sesi\u00f3n de Navidad? - Estudio fotogr\u00e1fico especializado en fotograf\u00eda infantil, maternidad, beb\u00e9s y familias en Vila Seca Tarragona | Dani Legaz Fotograf\u00eda<\/title>\n<meta name=\"robots\" content=\"index, follow, max-snippet:-1, max-image-preview:large, max-video-preview:-1\" \/>\n<link rel=\"canonical\" href=\"https:\/\/danilegazfotografo.com\/ca\/por-que-ponerse-muy-guapo-para-la-sesion-de-navidad\/\" \/>\n<meta property=\"og:locale\" content=\"ca_ES\" \/>\n<meta property=\"og:type\" content=\"article\" \/>\n<meta property=\"og:title\" content=\"\u00bfPor qu\u00e9 ponerse muy guap@, muy guap@ para la Sesi\u00f3n de Navidad? - Estudio fotogr\u00e1fico especializado en fotograf\u00eda infantil, maternidad, beb\u00e9s y familias en Vila Seca Tarragona | Dani Legaz Fotograf\u00eda\" \/>\n<meta property=\"og:description\" content=\"\u00bfPor qu\u00e9 ponerse muy guap@, muy guap@ para la Sesi\u00f3n de Navidad? Crear una sesi\u00f3n de Navidad es una mezcla de emociones y sensaciones, alegr\u00eda, perfeccionismo, ansiedad, ilusi\u00f3n, risas, l\u00e1grimas: pero sobre todo, diversi\u00f3n. Durante los 30 minutos que compartimos juntos, os aseguro que lo que est\u00e1n garantizadas son las risas, m\u00e1s cuando las navidades [&hellip;]\" \/>\n<meta property=\"og:url\" content=\"https:\/\/danilegazfotografo.com\/ca\/por-que-ponerse-muy-guapo-para-la-sesion-de-navidad\/\" \/>\n<meta property=\"og:site_name\" content=\"Estudio fotogr\u00e1fico especializado en fotograf\u00eda infantil, maternidad, beb\u00e9s y familias en Vila Seca Tarragona | Dani Legaz Fotograf\u00eda\" \/>\n<meta property=\"article:published_time\" content=\"2022-11-16T13:00:00+00:00\" \/>\n<meta property=\"article:modified_time\" content=\"2022-11-14T10:56:50+00:00\" \/>\n<meta property=\"og:image\" content=\"https:\/\/danilegazfotografo.com\/wp-content\/uploads\/2022\/11\/Fotografo-infantil-vilaseca-tarragona-12.jpeg\" \/>\n\t<meta property=\"og:image:width\" content=\"1600\" \/>\n\t<meta property=\"og:image:height\" content=\"1066\" \/>\n\t<meta property=\"og:image:type\" content=\"image\/jpeg\" \/>\n<meta name=\"author\" content=\"Maca\" \/>\n<meta name=\"twitter:card\" content=\"summary_large_image\" \/>\n<meta name=\"twitter:label1\" content=\"Escrit per\" \/>\n\t<meta name=\"twitter:data1\" content=\"Maca\" \/>\n\t<meta name=\"twitter:label2\" content=\"Temps estimat de lectura\" \/>\n\t<meta name=\"twitter:data2\" content=\"3 minuts\" \/>\n<script type=\"application\/ld+json\" class=\"yoast-schema-graph\">{\"@context\":\"https:\/\/schema.org\",\"@graph\":[{\"@type\":\"WebPage\",\"@id\":\"https:\/\/danilegazfotografo.com\/por-que-ponerse-muy-guapo-para-la-sesion-de-navidad\/\",\"url\":\"https:\/\/danilegazfotografo.com\/por-que-ponerse-muy-guapo-para-la-sesion-de-navidad\/\",\"name\":\"\u00bfPor qu\u00e9 ponerse muy guap@, muy guap@ para la Sesi\u00f3n de Navidad? - Estudio fotogr\u00e1fico especializado en fotograf\u00eda infantil, maternidad, beb\u00e9s y familias en Vila Seca Tarragona | Dani Legaz Fotograf\u00eda\",\"isPartOf\":{\"@id\":\"https:\/\/danilegazfotografo.com\/#website\"},\"primaryImageOfPage\":{\"@id\":\"https:\/\/danilegazfotografo.com\/por-que-ponerse-muy-guapo-para-la-sesion-de-navidad\/#primaryimage\"},\"image\":{\"@id\":\"https:\/\/danilegazfotografo.com\/por-que-ponerse-muy-guapo-para-la-sesion-de-navidad\/#primaryimage\"},\"thumbnailUrl\":\"https:\/\/danilegazfotografo.com\/wp-content\/uploads\/2022\/11\/Fotografo-infantil-vilaseca-tarragona-12.jpeg\",\"datePublished\":\"2022-11-16T13:00:00+00:00\",\"dateModified\":\"2022-11-14T10:56:50+00:00\",\"author\":{\"@id\":\"https:\/\/danilegazfotografo.com\/#\/schema\/person\/95d3ebb1b6099c77d7386f8aee2fb440\"},\"breadcrumb\":{\"@id\":\"https:\/\/danilegazfotografo.com\/por-que-ponerse-muy-guapo-para-la-sesion-de-navidad\/#breadcrumb\"},\"inLanguage\":\"ca\",\"potentialAction\":[{\"@type\":\"ReadAction\",\"target\":[\"https:\/\/danilegazfotografo.com\/por-que-ponerse-muy-guapo-para-la-sesion-de-navidad\/\"]}]},{\"@type\":\"ImageObject\",\"inLanguage\":\"ca\",\"@id\":\"https:\/\/danilegazfotografo.com\/por-que-ponerse-muy-guapo-para-la-sesion-de-navidad\/#primaryimage\",\"url\":\"https:\/\/danilegazfotografo.com\/wp-content\/uploads\/2022\/11\/Fotografo-infantil-vilaseca-tarragona-12.jpeg\",\"contentUrl\":\"https:\/\/danilegazfotografo.com\/wp-content\/uploads\/2022\/11\/Fotografo-infantil-vilaseca-tarragona-12.jpeg\",\"width\":1600,\"height\":1066},{\"@type\":\"BreadcrumbList\",\"@id\":\"https:\/\/danilegazfotografo.com\/por-que-ponerse-muy-guapo-para-la-sesion-de-navidad\/#breadcrumb\",\"itemListElement\":[{\"@type\":\"ListItem\",\"position\":1,\"name\":\"Portada\",\"item\":\"https:\/\/danilegazfotografo.com\/\"},{\"@type\":\"ListItem\",\"position\":2,\"name\":\"\u00bfPor qu\u00e9 ponerse muy guap@, muy guap@ para la Sesi\u00f3n de Navidad?\"}]},{\"@type\":\"WebSite\",\"@id\":\"https:\/\/danilegazfotografo.com\/#website\",\"url\":\"https:\/\/danilegazfotografo.com\/\",\"name\":\"Estudio fotogr\u00e1fico especializado en fotograf\u00eda infantil, maternidad, beb\u00e9s y familias en Vila Seca Tarragona | Dani Legaz Fotograf\u00eda\",\"description\":\"En Dani Legaz Fotograf\u00eda, nuestro estudio fotogr\u00e1fico en Vila Seca Tarragona, somos especialistas en capturar los momentos m\u00e1s tiernos y emotivos de la vida de las familias. Ofrecemos reportajes en estudio y exteriores para beb\u00e9s, maternidad, ni\u00f1os y familias. \u00a1Cont\u00e1ctanos para crear juntos un recuerdo inolvidable!\",\"potentialAction\":[{\"@type\":\"SearchAction\",\"target\":{\"@type\":\"EntryPoint\",\"urlTemplate\":\"https:\/\/danilegazfotografo.com\/?s={search_term_string}\"},\"query-input\":{\"@type\":\"PropertyValueSpecification\",\"valueRequired\":true,\"valueName\":\"search_term_string\"}}],\"inLanguage\":\"ca\"},{\"@type\":\"Person\",\"@id\":\"https:\/\/danilegazfotografo.com\/#\/schema\/person\/95d3ebb1b6099c77d7386f8aee2fb440\",\"name\":\"Maca\",\"image\":{\"@type\":\"ImageObject\",\"inLanguage\":\"ca\",\"@id\":\"https:\/\/danilegazfotografo.com\/#\/schema\/person\/image\/\",\"url\":\"https:\/\/secure.gravatar.com\/avatar\/4361d116872da64b310ac98d014d2006?s=96&d=mm&r=g\",\"contentUrl\":\"https:\/\/secure.gravatar.com\/avatar\/4361d116872da64b310ac98d014d2006?s=96&d=mm&r=g\",\"caption\":\"Maca\"},\"url\":\"https:\/\/danilegazfotografo.com\/ca\/author\/maca\/\"}]}<\/script>\n<!-- \/ Yoast SEO plugin. -->","yoast_head_json":{"title":"\u00bfPor qu\u00e9 ponerse muy guap@, muy guap@ para la Sesi\u00f3n de Navidad? - Estudio fotogr\u00e1fico especializado en fotograf\u00eda infantil, maternidad, beb\u00e9s y familias en Vila Seca Tarragona | Dani Legaz Fotograf\u00eda","robots":{"index":"index","follow":"follow","max-snippet":"max-snippet:-1","max-image-preview":"max-image-preview:large","max-video-preview":"max-video-preview:-1"},"canonical":"https:\/\/danilegazfotografo.com\/ca\/por-que-ponerse-muy-guapo-para-la-sesion-de-navidad\/","og_locale":"ca_ES","og_type":"article","og_title":"\u00bfPor qu\u00e9 ponerse muy guap@, muy guap@ para la Sesi\u00f3n de Navidad? - Estudio fotogr\u00e1fico especializado en fotograf\u00eda infantil, maternidad, beb\u00e9s y familias en Vila Seca Tarragona | Dani Legaz Fotograf\u00eda","og_description":"\u00bfPor qu\u00e9 ponerse muy guap@, muy guap@ para la Sesi\u00f3n de Navidad? Crear una sesi\u00f3n de Navidad es una mezcla de emociones y sensaciones, alegr\u00eda, perfeccionismo, ansiedad, ilusi\u00f3n, risas, l\u00e1grimas: pero sobre todo, diversi\u00f3n. Durante los 30 minutos que compartimos juntos, os aseguro que lo que est\u00e1n garantizadas son las risas, m\u00e1s cuando las navidades [&hellip;]","og_url":"https:\/\/danilegazfotografo.com\/ca\/por-que-ponerse-muy-guapo-para-la-sesion-de-navidad\/","og_site_name":"Estudio fotogr\u00e1fico especializado en fotograf\u00eda infantil, maternidad, beb\u00e9s y familias en Vila Seca Tarragona | Dani Legaz Fotograf\u00eda","article_published_time":"2022-11-16T13:00:00+00:00","article_modified_time":"2022-11-14T10:56:50+00:00","og_image":[{"width":1600,"height":1066,"url":"https:\/\/danilegazfotografo.com\/wp-content\/uploads\/2022\/11\/Fotografo-infantil-vilaseca-tarragona-12.jpeg","type":"image\/jpeg"}],"author":"Maca","twitter_card":"summary_large_image","twitter_misc":{"Escrit per":"Maca","Temps estimat de lectura":"3 minuts"},"schema":{"@context":"https:\/\/schema.org","@graph":[{"@type":"WebPage","@id":"https:\/\/danilegazfotografo.com\/por-que-ponerse-muy-guapo-para-la-sesion-de-navidad\/","url":"https:\/\/danilegazfotografo.com\/por-que-ponerse-muy-guapo-para-la-sesion-de-navidad\/","name":"\u00bfPor qu\u00e9 ponerse muy guap@, muy guap@ para la Sesi\u00f3n de Navidad? - Estudio fotogr\u00e1fico especializado en fotograf\u00eda infantil, maternidad, beb\u00e9s y familias en Vila Seca Tarragona | Dani Legaz Fotograf\u00eda","isPartOf":{"@id":"https:\/\/danilegazfotografo.com\/#website"},"primaryImageOfPage":{"@id":"https:\/\/danilegazfotografo.com\/por-que-ponerse-muy-guapo-para-la-sesion-de-navidad\/#primaryimage"},"image":{"@id":"https:\/\/danilegazfotografo.com\/por-que-ponerse-muy-guapo-para-la-sesion-de-navidad\/#primaryimage"},"thumbnailUrl":"https:\/\/danilegazfotografo.com\/wp-content\/uploads\/2022\/11\/Fotografo-infantil-vilaseca-tarragona-12.jpeg","datePublished":"2022-11-16T13:00:00+00:00","dateModified":"2022-11-14T10:56:50+00:00","author":{"@id":"https:\/\/danilegazfotografo.com\/#\/schema\/person\/95d3ebb1b6099c77d7386f8aee2fb440"},"breadcrumb":{"@id":"https:\/\/danilegazfotografo.com\/por-que-ponerse-muy-guapo-para-la-sesion-de-navidad\/#breadcrumb"},"inLanguage":"ca","potentialAction":[{"@type":"ReadAction","target":["https:\/\/danilegazfotografo.com\/por-que-ponerse-muy-guapo-para-la-sesion-de-navidad\/"]}]},{"@type":"ImageObject","inLanguage":"ca","@id":"https:\/\/danilegazfotografo.com\/por-que-ponerse-muy-guapo-para-la-sesion-de-navidad\/#primaryimage","url":"https:\/\/danilegazfotografo.com\/wp-content\/uploads\/2022\/11\/Fotografo-infantil-vilaseca-tarragona-12.jpeg","contentUrl":"https:\/\/danilegazfotografo.com\/wp-content\/uploads\/2022\/11\/Fotografo-infantil-vilaseca-tarragona-12.jpeg","width":1600,"height":1066},{"@type":"BreadcrumbList","@id":"https:\/\/danilegazfotografo.com\/por-que-ponerse-muy-guapo-para-la-sesion-de-navidad\/#breadcrumb","itemListElement":[{"@type":"ListItem","position":1,"name":"Portada","item":"https:\/\/danilegazfotografo.com\/"},{"@type":"ListItem","position":2,"name":"\u00bfPor qu\u00e9 ponerse muy guap@, muy guap@ para la Sesi\u00f3n de Navidad?"}]},{"@type":"WebSite","@id":"https:\/\/danilegazfotografo.com\/#website","url":"https:\/\/danilegazfotografo.com\/","name":"Estudio fotogr\u00e1fico especializado en fotograf\u00eda infantil, maternidad, beb\u00e9s y familias en Vila Seca Tarragona | Dani Legaz Fotograf\u00eda","description":"En Dani Legaz Fotograf\u00eda, nuestro estudio fotogr\u00e1fico en Vila Seca Tarragona, somos especialistas en capturar los momentos m\u00e1s tiernos y emotivos de la vida de las familias. Ofrecemos reportajes en estudio y exteriores para beb\u00e9s, maternidad, ni\u00f1os y familias. \u00a1Cont\u00e1ctanos para crear juntos un recuerdo inolvidable!","potentialAction":[{"@type":"SearchAction","target":{"@type":"EntryPoint","urlTemplate":"https:\/\/danilegazfotografo.com\/?s={search_term_string}"},"query-input":{"@type":"PropertyValueSpecification","valueRequired":true,"valueName":"search_term_string"}}],"inLanguage":"ca"},{"@type":"Person","@id":"https:\/\/danilegazfotografo.com\/#\/schema\/person\/95d3ebb1b6099c77d7386f8aee2fb440","name":"Maca","image":{"@type":"ImageObject","inLanguage":"ca","@id":"https:\/\/danilegazfotografo.com\/#\/schema\/person\/image\/","url":"https:\/\/secure.gravatar.com\/avatar\/4361d116872da64b310ac98d014d2006?s=96&d=mm&r=g","contentUrl":"https:\/\/secure.gravatar.com\/avatar\/4361d116872da64b310ac98d014d2006?s=96&d=mm&r=g","caption":"Maca"},"url":"https:\/\/danilegazfotografo.com\/ca\/author\/maca\/"}]}},"_links":{"self":[{"href":"https:\/\/danilegazfotografo.com\/ca\/wp-json\/wp\/v2\/posts\/308"}],"collection":[{"href":"https:\/\/danilegazfotografo.com\/ca\/wp-json\/wp\/v2\/posts"}],"about":[{"href":"https:\/\/danilegazfotografo.com\/ca\/wp-json\/wp\/v2\/types\/post"}],"author":[{"embeddable":true,"href":"https:\/\/danilegazfotografo.com\/ca\/wp-json\/wp\/v2\/users\/4"}],"replies":[{"embeddable":true,"href":"https:\/\/danilegazfotografo.com\/ca\/wp-json\/wp\/v2\/comments?post=308"}],"version-history":[{"count":7,"href":"https:\/\/danilegazfotografo.com\/ca\/wp-json\/wp\/v2\/posts\/308\/revisions"}],"predecessor-version":[{"id":339,"href":"https:\/\/danilegazfotografo.com\/ca\/wp-json\/wp\/v2\/posts\/308\/revisions\/339"}],"wp:featuredmedia":[{"embeddable":true,"href":"https:\/\/danilegazfotografo.com\/ca\/wp-json\/wp\/v2\/media\/327"}],"wp:attachment":[{"href":"https:\/\/danilegazfotografo.com\/ca\/wp-json\/wp\/v2\/media?parent=308"}],"wp:term":[{"taxonomy":"category","embeddable":true,"href":"https:\/\/danilegazfotografo.com\/ca\/wp-json\/wp\/v2\/categories?post=308"},{"taxonomy":"post_tag","embeddable":true,"href":"https:\/\/danilegazfotografo.com\/ca\/wp-json\/wp\/v2\/tags?post=308"}],"curies":[{"name":"wp","href":"https:\/\/api.w.org\/{rel}","templated":true}]}}