{"id":1798,"date":"2024-05-08T17:14:57","date_gmt":"2024-05-08T15:14:57","guid":{"rendered":"https:\/\/danilegazfotografo.com\/?p=1798"},"modified":"2024-05-08T17:15:04","modified_gmt":"2024-05-08T15:15:04","slug":"sesiones-smash-cake","status":"publish","type":"post","link":"https:\/\/danilegazfotografo.com\/ca\/sesiones-smash-cake\/","title":{"rendered":"Sesiones Smash cake"},"content":{"rendered":"<h2 class=\"wp-block-heading\">\u00a1Celebra el Primer Cumplea\u00f1os de tu Peque\u00f1o con una Sesi\u00f3n de Smash Cake en Tarragona!<\/h2>\n\n\n\n<p>Parece que fue ayer cuando lleg\u00f3 al mundo, \u00a1y ya est\u00e1 a punto de cumplir su primer a\u00f1o de vida! En este d\u00eda tan especial, queremos ofrecerte una experiencia que te permita disfrutar al m\u00e1ximo, sin preocupaciones ni estr\u00e9s.<\/p>\n\n\n\n<p>Ven y comparte con nosotros una fiesta de cumplea\u00f1os muy especial que t\u00fa y tu familia recordar\u00e9is para siempre. En nuestro estudio, te ofrecemos la opci\u00f3n de celebrar esta ocasi\u00f3n por todo lo alto, rodeado de tus seres queridos en un ambiente lleno de amor y alegr\u00eda. Invita a los abuelos, t\u00edos, primos y padrinos a disfrutar de este momento \u00fanico mientras nosotros nos encargamos de capturar cada instante en hermosas fotograf\u00edas.<\/p>\n\n\n\n<h2 class=\"wp-block-heading\">Una Experiencia \u00danica y Especial<\/h2>\n\n\n\n<p>En Dani Legaz Fotograf\u00eda Infantil, entendemos la importancia de capturar los momentos m\u00e1s especiales en la vida de tu peque\u00f1o. Por eso, te ofrecemos la experiencia \u00fanica de una sesi\u00f3n de Smash Cake en nuestra Granja Estudio, donde podr\u00e1s elegir entre decorados de exterior y estudio, \u00a1dos sesiones al precio de una!<\/p>\n\n\n\n<figure class=\"wp-block-image size-large\"><a href=\"https:\/\/danilegazfotografo.com\/wp-content\/uploads\/2024\/05\/Copia-de-smash-cake_fotografo-cumplean\u0303os-tarragona_smash-cake-tarragona_fotografo-smash-cake_017-KENYA-1-AN\u0303ITO_106.jpg\"><img loading=\"lazy\" decoding=\"async\" width=\"1024\" height=\"683\" src=\"https:\/\/danilegazfotografo.com\/wp-content\/uploads\/2024\/05\/Copia-de-smash-cake_fotografo-cumplean\u0303os-tarragona_smash-cake-tarragona_fotografo-smash-cake_017-KENYA-1-AN\u0303ITO_106-1024x683.jpg\" alt=\"\" class=\"wp-image-1801\" srcset=\"https:\/\/danilegazfotografo.com\/wp-content\/uploads\/2024\/05\/Copia-de-smash-cake_fotografo-cumplean\u0303os-tarragona_smash-cake-tarragona_fotografo-smash-cake_017-KENYA-1-AN\u0303ITO_106-1024x683.jpg 1024w, https:\/\/danilegazfotografo.com\/wp-content\/uploads\/2024\/05\/Copia-de-smash-cake_fotografo-cumplean\u0303os-tarragona_smash-cake-tarragona_fotografo-smash-cake_017-KENYA-1-AN\u0303ITO_106-300x200.jpg 300w, https:\/\/danilegazfotografo.com\/wp-content\/uploads\/2024\/05\/Copia-de-smash-cake_fotografo-cumplean\u0303os-tarragona_smash-cake-tarragona_fotografo-smash-cake_017-KENYA-1-AN\u0303ITO_106-768x512.jpg 768w, https:\/\/danilegazfotografo.com\/wp-content\/uploads\/2024\/05\/Copia-de-smash-cake_fotografo-cumplean\u0303os-tarragona_smash-cake-tarragona_fotografo-smash-cake_017-KENYA-1-AN\u0303ITO_106-18x12.jpg 18w, https:\/\/danilegazfotografo.com\/wp-content\/uploads\/2024\/05\/Copia-de-smash-cake_fotografo-cumplean\u0303os-tarragona_smash-cake-tarragona_fotografo-smash-cake_017-KENYA-1-AN\u0303ITO_106-1080x720.jpg 1080w, https:\/\/danilegazfotografo.com\/wp-content\/uploads\/2024\/05\/Copia-de-smash-cake_fotografo-cumplean\u0303os-tarragona_smash-cake-tarragona_fotografo-smash-cake_017-KENYA-1-AN\u0303ITO_106-1280x853.jpg 1280w, https:\/\/danilegazfotografo.com\/wp-content\/uploads\/2024\/05\/Copia-de-smash-cake_fotografo-cumplean\u0303os-tarragona_smash-cake-tarragona_fotografo-smash-cake_017-KENYA-1-AN\u0303ITO_106-980x653.jpg 980w, https:\/\/danilegazfotografo.com\/wp-content\/uploads\/2024\/05\/Copia-de-smash-cake_fotografo-cumplean\u0303os-tarragona_smash-cake-tarragona_fotografo-smash-cake_017-KENYA-1-AN\u0303ITO_106-480x320.jpg 480w, https:\/\/danilegazfotografo.com\/wp-content\/uploads\/2024\/05\/Copia-de-smash-cake_fotografo-cumplean\u0303os-tarragona_smash-cake-tarragona_fotografo-smash-cake_017-KENYA-1-AN\u0303ITO_106.jpg 1440w\" sizes=\"(max-width: 1024px) 100vw, 1024px\" \/><\/a><\/figure>\n\n\n\n<h2 class=\"wp-block-heading\">Sesiones de Seguimiento Anuales<\/h2>\n\n\n\n<p>Nuestro servicio no se limita solo al primer cumplea\u00f1os. Algunos de nuestros clientes regresan durante los siguientes a\u00f1os para realizar sesiones de seguimiento anuales. Desde el primer a\u00f1o hasta el quinto, nos encanta acompa\u00f1aros en cada etapa de crecimiento y desarrollo de vuestro peque\u00f1o.<\/p>\n\n\n\n<h2 class=\"wp-block-heading\">Flexibilidad y Comodidad<\/h2>\n\n\n\n<p>Lo que nos diferencia es que la sesi\u00f3n la podemos realizar tanto en estudio como en exteriores. \u00bfPor qu\u00e9 limitarse a un solo escenario cuando podemos capturar la magia tanto dentro como fuera?<\/p>\n\n\n\n<figure class=\"wp-block-image size-large\"><a href=\"https:\/\/danilegazfotografo.com\/wp-content\/uploads\/2024\/05\/Copia-de-smash-cake_fotografo-cumplean\u0303os-tarragona_smash-cake-tarragona_fotografo-smash-cake_031-ROI-2-AN\u0303ITOS_041.jpg\"><img loading=\"lazy\" decoding=\"async\" width=\"1024\" height=\"683\" src=\"https:\/\/danilegazfotografo.com\/wp-content\/uploads\/2024\/05\/Copia-de-smash-cake_fotografo-cumplean\u0303os-tarragona_smash-cake-tarragona_fotografo-smash-cake_031-ROI-2-AN\u0303ITOS_041-1024x683.jpg\" alt=\"\" class=\"wp-image-1802\" srcset=\"https:\/\/danilegazfotografo.com\/wp-content\/uploads\/2024\/05\/Copia-de-smash-cake_fotografo-cumplean\u0303os-tarragona_smash-cake-tarragona_fotografo-smash-cake_031-ROI-2-AN\u0303ITOS_041-1024x683.jpg 1024w, https:\/\/danilegazfotografo.com\/wp-content\/uploads\/2024\/05\/Copia-de-smash-cake_fotografo-cumplean\u0303os-tarragona_smash-cake-tarragona_fotografo-smash-cake_031-ROI-2-AN\u0303ITOS_041-300x200.jpg 300w, https:\/\/danilegazfotografo.com\/wp-content\/uploads\/2024\/05\/Copia-de-smash-cake_fotografo-cumplean\u0303os-tarragona_smash-cake-tarragona_fotografo-smash-cake_031-ROI-2-AN\u0303ITOS_041-768x512.jpg 768w, https:\/\/danilegazfotografo.com\/wp-content\/uploads\/2024\/05\/Copia-de-smash-cake_fotografo-cumplean\u0303os-tarragona_smash-cake-tarragona_fotografo-smash-cake_031-ROI-2-AN\u0303ITOS_041-18x12.jpg 18w, https:\/\/danilegazfotografo.com\/wp-content\/uploads\/2024\/05\/Copia-de-smash-cake_fotografo-cumplean\u0303os-tarragona_smash-cake-tarragona_fotografo-smash-cake_031-ROI-2-AN\u0303ITOS_041-1080x720.jpg 1080w, https:\/\/danilegazfotografo.com\/wp-content\/uploads\/2024\/05\/Copia-de-smash-cake_fotografo-cumplean\u0303os-tarragona_smash-cake-tarragona_fotografo-smash-cake_031-ROI-2-AN\u0303ITOS_041-1280x853.jpg 1280w, https:\/\/danilegazfotografo.com\/wp-content\/uploads\/2024\/05\/Copia-de-smash-cake_fotografo-cumplean\u0303os-tarragona_smash-cake-tarragona_fotografo-smash-cake_031-ROI-2-AN\u0303ITOS_041-980x653.jpg 980w, https:\/\/danilegazfotografo.com\/wp-content\/uploads\/2024\/05\/Copia-de-smash-cake_fotografo-cumplean\u0303os-tarragona_smash-cake-tarragona_fotografo-smash-cake_031-ROI-2-AN\u0303ITOS_041-480x320.jpg 480w, https:\/\/danilegazfotografo.com\/wp-content\/uploads\/2024\/05\/Copia-de-smash-cake_fotografo-cumplean\u0303os-tarragona_smash-cake-tarragona_fotografo-smash-cake_031-ROI-2-AN\u0303ITOS_041.jpg 1440w\" sizes=\"(max-width: 1024px) 100vw, 1024px\" \/><\/a><\/figure>\n\n\n\n<h2 class=\"wp-block-heading\">Reserva con Anticipaci\u00f3n<\/h2>\n\n\n\n<p>\u00bfCu\u00e1ndo deber\u00edas reservar tu sesi\u00f3n? Te recomendamos hacerlo con al menos tres meses de antelaci\u00f3n para garantizar disponibilidad en la fecha y hora que m\u00e1s te convenga. Cuanto antes reserves, m\u00e1s opciones tendr\u00e1s para elegir y planificar con calma este d\u00eda tan especial.<\/p>\n\n\n\n<h2 class=\"wp-block-heading\">Detalles que Importan<\/h2>\n\n\n\n<p>Nos preocupamos por los detalles, incluyendo las preferencias alimenticias de tu peque\u00f1o. Al reservar tu sesi\u00f3n, te pediremos que completes un cuestionario donde nos indiques si tu hijo tiene alguna alergia o intolerancia. Nuestra pastelera se encargar\u00e1 de preparar una deliciosa tarta adecuada para tu beb\u00e9, \u00a1y lo mejor es que siempre est\u00e1 incluida en nuestras tarifas!<\/p>\n\n\n\n<figure class=\"wp-block-image size-large\"><a href=\"https:\/\/danilegazfotografo.com\/wp-content\/uploads\/2024\/05\/Copia-de-LIAM-1-AN\u0303O_057.jpg\"><img loading=\"lazy\" decoding=\"async\" width=\"1024\" height=\"683\" src=\"https:\/\/danilegazfotografo.com\/wp-content\/uploads\/2024\/05\/Copia-de-LIAM-1-AN\u0303O_057-1024x683.jpg\" alt=\"\" class=\"wp-image-1800\" srcset=\"https:\/\/danilegazfotografo.com\/wp-content\/uploads\/2024\/05\/Copia-de-LIAM-1-AN\u0303O_057-1024x683.jpg 1024w, https:\/\/danilegazfotografo.com\/wp-content\/uploads\/2024\/05\/Copia-de-LIAM-1-AN\u0303O_057-300x200.jpg 300w, https:\/\/danilegazfotografo.com\/wp-content\/uploads\/2024\/05\/Copia-de-LIAM-1-AN\u0303O_057-768x512.jpg 768w, https:\/\/danilegazfotografo.com\/wp-content\/uploads\/2024\/05\/Copia-de-LIAM-1-AN\u0303O_057-1536x1024.jpg 1536w, https:\/\/danilegazfotografo.com\/wp-content\/uploads\/2024\/05\/Copia-de-LIAM-1-AN\u0303O_057-18x12.jpg 18w, https:\/\/danilegazfotografo.com\/wp-content\/uploads\/2024\/05\/Copia-de-LIAM-1-AN\u0303O_057-1080x720.jpg 1080w, https:\/\/danilegazfotografo.com\/wp-content\/uploads\/2024\/05\/Copia-de-LIAM-1-AN\u0303O_057-1280x853.jpg 1280w, https:\/\/danilegazfotografo.com\/wp-content\/uploads\/2024\/05\/Copia-de-LIAM-1-AN\u0303O_057-980x653.jpg 980w, https:\/\/danilegazfotografo.com\/wp-content\/uploads\/2024\/05\/Copia-de-LIAM-1-AN\u0303O_057-480x320.jpg 480w, https:\/\/danilegazfotografo.com\/wp-content\/uploads\/2024\/05\/Copia-de-LIAM-1-AN\u0303O_057.jpg 1920w\" sizes=\"(max-width: 1024px) 100vw, 1024px\" \/><\/a><\/figure>\n\n\n\n<h2 class=\"wp-block-heading\">Recuerdos que Perduran<\/h2>\n\n\n\n<p>\u00a1Celebra este hito tan especial en la vida de tu peque\u00f1o con nuestras sesiones de Smash Cake! Cont\u00e1ctanos hoy para resolver cualquier duda que tengas y reservar tu sesi\u00f3n. Estamos aqu\u00ed para ayudarte a crear recuerdos que perdurar\u00e1n toda la vida.<\/p>","protected":false},"excerpt":{"rendered":"<p>\u00a1Celebra el Primer Cumplea\u00f1os de tu Peque\u00f1o con una Sesi\u00f3n de Smash Cake en Tarragona! Parece que fue ayer cuando lleg\u00f3 al mundo, \u00a1y ya est\u00e1 a punto de cumplir su primer a\u00f1o de vida! En este d\u00eda tan especial, queremos ofrecerte una experiencia que te permita disfrutar al m\u00e1ximo, sin preocupaciones ni estr\u00e9s. Ven [&hellip;]<\/p>\n","protected":false},"author":5,"featured_media":1803,"comment_status":"open","ping_status":"open","sticky":false,"template":"","format":"standard","meta":{"_et_pb_use_builder":"off","_et_pb_old_content":"","_et_gb_content_width":"","two_page_speed":[],"_joinchat":[],"footnotes":""},"categories":[22,26,24],"tags":[],"yoast_head":"<!-- This site is optimized with the Yoast SEO plugin v24.3 - https:\/\/yoast.com\/wordpress\/plugins\/seo\/ -->\n<title>Sesiones Smash cake - Estudio fotogr\u00e1fico especializado en fotograf\u00eda infantil, maternidad, beb\u00e9s y familias en Vila Seca Tarragona | Dani Legaz Fotograf\u00eda<\/title>\n<meta name=\"robots\" content=\"index, follow, max-snippet:-1, max-image-preview:large, max-video-preview:-1\" \/>\n<link rel=\"canonical\" href=\"https:\/\/danilegazfotografo.com\/ca\/sesiones-smash-cake\/\" \/>\n<meta property=\"og:locale\" content=\"ca_ES\" \/>\n<meta property=\"og:type\" content=\"article\" \/>\n<meta property=\"og:title\" content=\"Sesiones Smash cake - Estudio fotogr\u00e1fico especializado en fotograf\u00eda infantil, maternidad, beb\u00e9s y familias en Vila Seca Tarragona | Dani Legaz Fotograf\u00eda\" \/>\n<meta property=\"og:description\" content=\"\u00a1Celebra el Primer Cumplea\u00f1os de tu Peque\u00f1o con una Sesi\u00f3n de Smash Cake en Tarragona! Parece que fue ayer cuando lleg\u00f3 al mundo, \u00a1y ya est\u00e1 a punto de cumplir su primer a\u00f1o de vida! En este d\u00eda tan especial, queremos ofrecerte una experiencia que te permita disfrutar al m\u00e1ximo, sin preocupaciones ni estr\u00e9s. Ven [&hellip;]\" \/>\n<meta property=\"og:url\" content=\"https:\/\/danilegazfotografo.com\/ca\/sesiones-smash-cake\/\" \/>\n<meta property=\"og:site_name\" content=\"Estudio fotogr\u00e1fico especializado en fotograf\u00eda infantil, maternidad, beb\u00e9s y familias en Vila Seca Tarragona | Dani Legaz Fotograf\u00eda\" \/>\n<meta property=\"article:published_time\" content=\"2024-05-08T15:14:57+00:00\" \/>\n<meta property=\"article:modified_time\" content=\"2024-05-08T15:15:04+00:00\" \/>\n<meta name=\"author\" content=\"Mariona Legaz\" \/>\n<meta name=\"twitter:card\" content=\"summary_large_image\" \/>\n<meta name=\"twitter:label1\" content=\"Escrit per\" \/>\n\t<meta name=\"twitter:data1\" content=\"Mariona Legaz\" \/>\n\t<meta name=\"twitter:label2\" content=\"Temps estimat de lectura\" \/>\n\t<meta name=\"twitter:data2\" content=\"2 minuts\" \/>\n<script type=\"application\/ld+json\" class=\"yoast-schema-graph\">{\"@context\":\"https:\/\/schema.org\",\"@graph\":[{\"@type\":\"WebPage\",\"@id\":\"https:\/\/danilegazfotografo.com\/sesiones-smash-cake\/\",\"url\":\"https:\/\/danilegazfotografo.com\/sesiones-smash-cake\/\",\"name\":\"Sesiones Smash cake - Estudio fotogr\u00e1fico especializado en fotograf\u00eda infantil, maternidad, beb\u00e9s y familias en Vila Seca Tarragona | Dani Legaz Fotograf\u00eda\",\"isPartOf\":{\"@id\":\"https:\/\/danilegazfotografo.com\/#website\"},\"primaryImageOfPage\":{\"@id\":\"https:\/\/danilegazfotografo.com\/sesiones-smash-cake\/#primaryimage\"},\"image\":{\"@id\":\"https:\/\/danilegazfotografo.com\/sesiones-smash-cake\/#primaryimage\"},\"thumbnailUrl\":\"https:\/\/danilegazfotografo.com\/wp-content\/uploads\/2024\/05\/smash-cake_fotografo-cumplean\u0303os-tarragona_smash-cake-tarragona_fotografo-smash-cake_011-KENYA-1-AN\u0303ITO_045.jpg\",\"datePublished\":\"2024-05-08T15:14:57+00:00\",\"dateModified\":\"2024-05-08T15:15:04+00:00\",\"author\":{\"@id\":\"https:\/\/danilegazfotografo.com\/#\/schema\/person\/a20ecaf58c7031a6772444b1176dcc40\"},\"breadcrumb\":{\"@id\":\"https:\/\/danilegazfotografo.com\/sesiones-smash-cake\/#breadcrumb\"},\"inLanguage\":\"ca\",\"potentialAction\":[{\"@type\":\"ReadAction\",\"target\":[\"https:\/\/danilegazfotografo.com\/sesiones-smash-cake\/\"]}]},{\"@type\":\"ImageObject\",\"inLanguage\":\"ca\",\"@id\":\"https:\/\/danilegazfotografo.com\/sesiones-smash-cake\/#primaryimage\",\"url\":\"https:\/\/danilegazfotografo.com\/wp-content\/uploads\/2024\/05\/smash-cake_fotografo-cumplean\u0303os-tarragona_smash-cake-tarragona_fotografo-smash-cake_011-KENYA-1-AN\u0303ITO_045.jpg\",\"contentUrl\":\"https:\/\/danilegazfotografo.com\/wp-content\/uploads\/2024\/05\/smash-cake_fotografo-cumplean\u0303os-tarragona_smash-cake-tarragona_fotografo-smash-cake_011-KENYA-1-AN\u0303ITO_045.jpg\",\"width\":1440,\"height\":960},{\"@type\":\"BreadcrumbList\",\"@id\":\"https:\/\/danilegazfotografo.com\/sesiones-smash-cake\/#breadcrumb\",\"itemListElement\":[{\"@type\":\"ListItem\",\"position\":1,\"name\":\"Portada\",\"item\":\"https:\/\/danilegazfotografo.com\/\"},{\"@type\":\"ListItem\",\"position\":2,\"name\":\"Sesiones Smash cake\"}]},{\"@type\":\"WebSite\",\"@id\":\"https:\/\/danilegazfotografo.com\/#website\",\"url\":\"https:\/\/danilegazfotografo.com\/\",\"name\":\"Estudio fotogr\u00e1fico especializado en fotograf\u00eda infantil, maternidad, beb\u00e9s y familias en Vila Seca Tarragona | Dani Legaz Fotograf\u00eda\",\"description\":\"En Dani Legaz Fotograf\u00eda, nuestro estudio fotogr\u00e1fico en Vila Seca Tarragona, somos especialistas en capturar los momentos m\u00e1s tiernos y emotivos de la vida de las familias. Ofrecemos reportajes en estudio y exteriores para beb\u00e9s, maternidad, ni\u00f1os y familias. \u00a1Cont\u00e1ctanos para crear juntos un recuerdo inolvidable!\",\"potentialAction\":[{\"@type\":\"SearchAction\",\"target\":{\"@type\":\"EntryPoint\",\"urlTemplate\":\"https:\/\/danilegazfotografo.com\/?s={search_term_string}\"},\"query-input\":{\"@type\":\"PropertyValueSpecification\",\"valueRequired\":true,\"valueName\":\"search_term_string\"}}],\"inLanguage\":\"ca\"},{\"@type\":\"Person\",\"@id\":\"https:\/\/danilegazfotografo.com\/#\/schema\/person\/a20ecaf58c7031a6772444b1176dcc40\",\"name\":\"Mariona Legaz\",\"image\":{\"@type\":\"ImageObject\",\"inLanguage\":\"ca\",\"@id\":\"https:\/\/danilegazfotografo.com\/#\/schema\/person\/image\/\",\"url\":\"https:\/\/secure.gravatar.com\/avatar\/cf542a96fcdca4398f9e763ab3d19337?s=96&d=mm&r=g\",\"contentUrl\":\"https:\/\/secure.gravatar.com\/avatar\/cf542a96fcdca4398f9e763ab3d19337?s=96&d=mm&r=g\",\"caption\":\"Mariona Legaz\"},\"url\":\"https:\/\/danilegazfotografo.com\/ca\/author\/mariona\/\"}]}<\/script>\n<!-- \/ Yoast SEO plugin. -->","yoast_head_json":{"title":"Sesiones Smash cake - Estudio fotogr\u00e1fico especializado en fotograf\u00eda infantil, maternidad, beb\u00e9s y familias en Vila Seca Tarragona | Dani Legaz Fotograf\u00eda","robots":{"index":"index","follow":"follow","max-snippet":"max-snippet:-1","max-image-preview":"max-image-preview:large","max-video-preview":"max-video-preview:-1"},"canonical":"https:\/\/danilegazfotografo.com\/ca\/sesiones-smash-cake\/","og_locale":"ca_ES","og_type":"article","og_title":"Sesiones Smash cake - Estudio fotogr\u00e1fico especializado en fotograf\u00eda infantil, maternidad, beb\u00e9s y familias en Vila Seca Tarragona | Dani Legaz Fotograf\u00eda","og_description":"\u00a1Celebra el Primer Cumplea\u00f1os de tu Peque\u00f1o con una Sesi\u00f3n de Smash Cake en Tarragona! Parece que fue ayer cuando lleg\u00f3 al mundo, \u00a1y ya est\u00e1 a punto de cumplir su primer a\u00f1o de vida! En este d\u00eda tan especial, queremos ofrecerte una experiencia que te permita disfrutar al m\u00e1ximo, sin preocupaciones ni estr\u00e9s. Ven [&hellip;]","og_url":"https:\/\/danilegazfotografo.com\/ca\/sesiones-smash-cake\/","og_site_name":"Estudio fotogr\u00e1fico especializado en fotograf\u00eda infantil, maternidad, beb\u00e9s y familias en Vila Seca Tarragona | Dani Legaz Fotograf\u00eda","article_published_time":"2024-05-08T15:14:57+00:00","article_modified_time":"2024-05-08T15:15:04+00:00","author":"Mariona Legaz","twitter_card":"summary_large_image","twitter_misc":{"Escrit per":"Mariona Legaz","Temps estimat de lectura":"2 minuts"},"schema":{"@context":"https:\/\/schema.org","@graph":[{"@type":"WebPage","@id":"https:\/\/danilegazfotografo.com\/sesiones-smash-cake\/","url":"https:\/\/danilegazfotografo.com\/sesiones-smash-cake\/","name":"Sesiones Smash cake - Estudio fotogr\u00e1fico especializado en fotograf\u00eda infantil, maternidad, beb\u00e9s y familias en Vila Seca Tarragona | Dani Legaz Fotograf\u00eda","isPartOf":{"@id":"https:\/\/danilegazfotografo.com\/#website"},"primaryImageOfPage":{"@id":"https:\/\/danilegazfotografo.com\/sesiones-smash-cake\/#primaryimage"},"image":{"@id":"https:\/\/danilegazfotografo.com\/sesiones-smash-cake\/#primaryimage"},"thumbnailUrl":"https:\/\/danilegazfotografo.com\/wp-content\/uploads\/2024\/05\/smash-cake_fotografo-cumplean\u0303os-tarragona_smash-cake-tarragona_fotografo-smash-cake_011-KENYA-1-AN\u0303ITO_045.jpg","datePublished":"2024-05-08T15:14:57+00:00","dateModified":"2024-05-08T15:15:04+00:00","author":{"@id":"https:\/\/danilegazfotografo.com\/#\/schema\/person\/a20ecaf58c7031a6772444b1176dcc40"},"breadcrumb":{"@id":"https:\/\/danilegazfotografo.com\/sesiones-smash-cake\/#breadcrumb"},"inLanguage":"ca","potentialAction":[{"@type":"ReadAction","target":["https:\/\/danilegazfotografo.com\/sesiones-smash-cake\/"]}]},{"@type":"ImageObject","inLanguage":"ca","@id":"https:\/\/danilegazfotografo.com\/sesiones-smash-cake\/#primaryimage","url":"https:\/\/danilegazfotografo.com\/wp-content\/uploads\/2024\/05\/smash-cake_fotografo-cumplean\u0303os-tarragona_smash-cake-tarragona_fotografo-smash-cake_011-KENYA-1-AN\u0303ITO_045.jpg","contentUrl":"https:\/\/danilegazfotografo.com\/wp-content\/uploads\/2024\/05\/smash-cake_fotografo-cumplean\u0303os-tarragona_smash-cake-tarragona_fotografo-smash-cake_011-KENYA-1-AN\u0303ITO_045.jpg","width":1440,"height":960},{"@type":"BreadcrumbList","@id":"https:\/\/danilegazfotografo.com\/sesiones-smash-cake\/#breadcrumb","itemListElement":[{"@type":"ListItem","position":1,"name":"Portada","item":"https:\/\/danilegazfotografo.com\/"},{"@type":"ListItem","position":2,"name":"Sesiones Smash cake"}]},{"@type":"WebSite","@id":"https:\/\/danilegazfotografo.com\/#website","url":"https:\/\/danilegazfotografo.com\/","name":"Estudio fotogr\u00e1fico especializado en fotograf\u00eda infantil, maternidad, beb\u00e9s y familias en Vila Seca Tarragona | Dani Legaz Fotograf\u00eda","description":"En Dani Legaz Fotograf\u00eda, nuestro estudio fotogr\u00e1fico en Vila Seca Tarragona, somos especialistas en capturar los momentos m\u00e1s tiernos y emotivos de la vida de las familias. Ofrecemos reportajes en estudio y exteriores para beb\u00e9s, maternidad, ni\u00f1os y familias. \u00a1Cont\u00e1ctanos para crear juntos un recuerdo inolvidable!","potentialAction":[{"@type":"SearchAction","target":{"@type":"EntryPoint","urlTemplate":"https:\/\/danilegazfotografo.com\/?s={search_term_string}"},"query-input":{"@type":"PropertyValueSpecification","valueRequired":true,"valueName":"search_term_string"}}],"inLanguage":"ca"},{"@type":"Person","@id":"https:\/\/danilegazfotografo.com\/#\/schema\/person\/a20ecaf58c7031a6772444b1176dcc40","name":"Mariona Legaz","image":{"@type":"ImageObject","inLanguage":"ca","@id":"https:\/\/danilegazfotografo.com\/#\/schema\/person\/image\/","url":"https:\/\/secure.gravatar.com\/avatar\/cf542a96fcdca4398f9e763ab3d19337?s=96&d=mm&r=g","contentUrl":"https:\/\/secure.gravatar.com\/avatar\/cf542a96fcdca4398f9e763ab3d19337?s=96&d=mm&r=g","caption":"Mariona Legaz"},"url":"https:\/\/danilegazfotografo.com\/ca\/author\/mariona\/"}]}},"_links":{"self":[{"href":"https:\/\/danilegazfotografo.com\/ca\/wp-json\/wp\/v2\/posts\/1798"}],"collection":[{"href":"https:\/\/danilegazfotografo.com\/ca\/wp-json\/wp\/v2\/posts"}],"about":[{"href":"https:\/\/danilegazfotografo.com\/ca\/wp-json\/wp\/v2\/types\/post"}],"author":[{"embeddable":true,"href":"https:\/\/danilegazfotografo.com\/ca\/wp-json\/wp\/v2\/users\/5"}],"replies":[{"embeddable":true,"href":"https:\/\/danilegazfotografo.com\/ca\/wp-json\/wp\/v2\/comments?post=1798"}],"version-history":[{"count":3,"href":"https:\/\/danilegazfotografo.com\/ca\/wp-json\/wp\/v2\/posts\/1798\/revisions"}],"predecessor-version":[{"id":1829,"href":"https:\/\/danilegazfotografo.com\/ca\/wp-json\/wp\/v2\/posts\/1798\/revisions\/1829"}],"wp:featuredmedia":[{"embeddable":true,"href":"https:\/\/danilegazfotografo.com\/ca\/wp-json\/wp\/v2\/media\/1803"}],"wp:attachment":[{"href":"https:\/\/danilegazfotografo.com\/ca\/wp-json\/wp\/v2\/media?parent=1798"}],"wp:term":[{"taxonomy":"category","embeddable":true,"href":"https:\/\/danilegazfotografo.com\/ca\/wp-json\/wp\/v2\/categories?post=1798"},{"taxonomy":"post_tag","embeddable":true,"href":"https:\/\/danilegazfotografo.com\/ca\/wp-json\/wp\/v2\/tags?post=1798"}],"curies":[{"name":"wp","href":"https:\/\/api.w.org\/{rel}","templated":true}]}}