{"id":1627,"date":"2024-03-02T10:32:25","date_gmt":"2024-03-02T09:32:25","guid":{"rendered":"https:\/\/danilegazfotografo.com\/?p=1627"},"modified":"2024-03-02T10:32:29","modified_gmt":"2024-03-02T09:32:29","slug":"guia-para-futuras-mamas-en-tarragona-preparacion-y-momento-ideal-para-un-reportaje-de-maternidad","status":"publish","type":"post","link":"https:\/\/danilegazfotografo.com\/ca\/guia-para-futuras-mamas-en-tarragona-preparacion-y-momento-ideal-para-un-reportaje-de-maternidad\/","title":{"rendered":"Gu\u00eda para Futuras Mam\u00e1s en Tarragona: Preparaci\u00f3n y Momento Ideal para un Reportaje de Maternidad"},"content":{"rendered":"<p>\u00a1Bienvenida futura mam\u00e1! Est\u00e1s en uno de los momentos m\u00e1s emocionantes de tu vida, y qu\u00e9 mejor manera de capturar este hermoso momento que con un reportaje de maternidad. En este blog, te guiar\u00e9 a trav\u00e9s de los pasos para prepararte adecuadamente y te ayudar\u00e9 a identificar el mejor momento para realizar tu sesi\u00f3n de fotos. Adem\u00e1s, te contar\u00e9 sobre la oportunidad \u00fanica que ofrece el estudio de Dani Legaz en Tarragona, donde puedes disfrutar de dos sesiones al precio de una, con decorados tanto de interior como de exterior. \u00a1Prep\u00e1rate para crear recuerdos inolvidables!<\/p>\n\n\n\n<figure class=\"wp-block-image size-large\"><a href=\"https:\/\/danilegazfotografo.com\/wp-content\/uploads\/2024\/03\/2DL8350.jpg\"><img loading=\"lazy\" decoding=\"async\" width=\"1024\" height=\"683\" src=\"https:\/\/danilegazfotografo.com\/wp-content\/uploads\/2024\/03\/2DL8350-1024x683.jpg\" alt=\"\" class=\"wp-image-1631\" srcset=\"https:\/\/danilegazfotografo.com\/wp-content\/uploads\/2024\/03\/2DL8350-980x653.jpg 980w, https:\/\/danilegazfotografo.com\/wp-content\/uploads\/2024\/03\/2DL8350-480x320.jpg 480w\" sizes=\"(min-width: 0px) and (max-width: 480px) 480px, (min-width: 481px) and (max-width: 980px) 980px, (min-width: 981px) 1024px, 100vw\" \/><\/a><\/figure>\n\n\n\n<h2 class=\"wp-block-heading\"><strong>Prepar\u00e1ndote para tu Reportaje de Maternidad en Tarragona<\/strong><\/h2>\n\n\n\n<h3 class=\"wp-block-heading\">Vestimenta:<\/h3>\n\n\n\n<p>Opta por prendas c\u00f3modas y que resalten tu \u00abdulce espera\u00bb. Los colores neutros suelen funcionar bien y evitan distraer la atenci\u00f3n de lo m\u00e1s importante: la vida que crece dentro de ti.<\/p>\n\n\n\n<h3 class=\"wp-block-heading\">Maquillaje y Peinado:<\/h3>\n\n\n\n<p>Mant\u00e9n un aspecto natural y fresco. Un maquillaje suave resaltar\u00e1 tu belleza natural, mientras que un peinado sencillo pero elegante completar\u00e1 tu look.<\/p>\n\n\n\n<figure class=\"wp-block-image size-large\"><a href=\"https:\/\/danilegazfotografo.com\/wp-content\/uploads\/2024\/03\/BIEL_111.jpg\"><img loading=\"lazy\" decoding=\"async\" width=\"683\" height=\"1024\" src=\"https:\/\/danilegazfotografo.com\/wp-content\/uploads\/2024\/03\/BIEL_111-683x1024.jpg\" alt=\"\" class=\"wp-image-1630\" srcset=\"https:\/\/danilegazfotografo.com\/wp-content\/uploads\/2024\/03\/BIEL_111-683x1024.jpg 683w, https:\/\/danilegazfotografo.com\/wp-content\/uploads\/2024\/03\/BIEL_111-480x720.jpg 480w\" sizes=\"(min-width: 0px) and (max-width: 480px) 480px, (min-width: 481px) 683px, 100vw\" \/><\/a><\/figure>\n\n\n\n<h3 class=\"wp-block-heading\">Accesorios:<\/h3>\n\n\n\n<p>Considera incluir elementos significativos, como la primera ropita del beb\u00e9, una ecograf\u00eda o alg\u00fan juguete especial. Estos detalles agregar\u00e1n un toque personal y emotivo a tus fotos.<\/p>\n\n\n\n<h3 class=\"wp-block-heading\">Poses y Actitud:<\/h3>\n\n\n\n<p>Rel\u00e1jate y disfruta del momento. Un fot\u00f3grafo profesional como Dani Legaz sabr\u00e1 guiarte a trav\u00e9s de poses naturales y aut\u00e9nticas que capturar\u00e1n la esencia de tu embarazo.<\/p>\n\n\n\n<h2 class=\"wp-block-heading\"><strong>\u00bfCu\u00e1ndo es el Mejor Momento para tu Sesi\u00f3n de Maternidad en Tarragona?<\/strong><\/h2>\n\n\n\n<h3 class=\"wp-block-heading\">Segundo Trimestre:<\/h3>\n\n\n\n<p>Muchas futuras mam\u00e1s eligen realizar su sesi\u00f3n entre las semanas 28 y 32 de embarazo. En este momento, tu \u00abdulce espera\u00bb estar\u00e1 lo suficientemente prominente, pero a\u00fan te sentir\u00e1s c\u00f3moda para posar.<\/p>\n\n\n\n<h3 class=\"wp-block-heading\">Evita el \u00daltimo Trimestre:<\/h3>\n\n\n\n<p>A medida que avanza el embarazo, es posible que te sientas m\u00e1s cansada y menos c\u00f3moda, lo que puede reflejarse en las fotos. Adem\u00e1s, existe el riesgo de que el beb\u00e9 decida llegar antes de lo esperado, \u00a1as\u00ed que es mejor no arriesgarse!<\/p>\n\n\n\n<h3 class=\"wp-block-heading\">Flexibilidad:<\/h3>\n\n\n\n<p>\u00a1No te preocupes si las circunstancias no permiten realizar la sesi\u00f3n durante el segundo trimestre! Dani Legaz estar\u00e1 encantado de adaptarse a tus necesidades y encontrar el momento perfecto para capturar este momento tan especial.<\/p>\n\n\n\n<figure class=\"wp-block-image size-large\"><a href=\"https:\/\/danilegazfotografo.com\/wp-content\/uploads\/2024\/03\/2DL8397.jpg\"><img loading=\"lazy\" decoding=\"async\" width=\"683\" height=\"1024\" src=\"https:\/\/danilegazfotografo.com\/wp-content\/uploads\/2024\/03\/2DL8397-683x1024.jpg\" alt=\"\" class=\"wp-image-1629\" srcset=\"https:\/\/danilegazfotografo.com\/wp-content\/uploads\/2024\/03\/2DL8397-683x1024.jpg 683w, https:\/\/danilegazfotografo.com\/wp-content\/uploads\/2024\/03\/2DL8397-480x720.jpg 480w\" sizes=\"(min-width: 0px) and (max-width: 480px) 480px, (min-width: 481px) 683px, 100vw\" \/><\/a><\/figure>\n\n\n\n<figure class=\"wp-block-image aligncenter size-full is-resized\"><a href=\"https:\/\/wa.me\/34671031960\"><img loading=\"lazy\" decoding=\"async\" src=\"https:\/\/danilegazfotografo.com\/wp-content\/uploads\/2023\/02\/15.png\" alt=\"\" class=\"wp-image-401\" width=\"429\" height=\"123\"\/><\/a><\/figure>\n\n\n\n<h2 class=\"wp-block-heading\"><strong>Dos Sesiones por el Precio de Una en Tarragona<\/strong><\/h2>\n\n\n\n<p>En el estudio de Dani Legaz en Tarragona, no solo tendr\u00e1s la oportunidad de disfrutar de una sesi\u00f3n de fotos, \u00a1sino de dos! Podr\u00e1s elegir entre decorados de interior y de exterior, permiti\u00e9ndote capturar diferentes aspectos de tu embarazo en un entorno \u00fanico y especial.<\/p>\n\n\n\n<p>Con dos sesiones al precio de una, tendr\u00e1s la libertad de experimentar con diferentes escenarios y ambientes, desde elegantes interiores hasta hermosos paisajes al aire libre. Esto te permitir\u00e1 obtener una variedad de fotos que reflejen tu personalidad y estilo.<\/p>\n\n\n\n<p>Ahora que tienes todos los consejos para prepararte y elegir el mejor momento para tu sesi\u00f3n de maternidad en Tarragona, \u00a1est\u00e1s lista para crear recuerdos que atesorar\u00e1s para siempre! Conf\u00eda en el talento de Dani Legaz para capturar la belleza y la emoci\u00f3n de este momento tan especial en tu vida. \u00a1Disfruta cada momento de esta hermosa etapa y aprovecha la oportunidad \u00fanica de dos sesiones por el precio de una en su estudio en Tarragona!<\/p>\n\n\n\n<figure class=\"wp-block-image aligncenter size-full is-resized\"><a href=\"https:\/\/danilegazfotografo.reservas.uphlow.com\/agenda-2023-2024\"><img loading=\"lazy\" decoding=\"async\" src=\"https:\/\/danilegazfotografo.com\/wp-content\/uploads\/2023\/02\/12.png\" alt=\"\" class=\"wp-image-398\" width=\"439\" height=\"125\"\/><\/a><\/figure>","protected":false},"excerpt":{"rendered":"<p>\u00a1Bienvenida futura mam\u00e1! Est\u00e1s en uno de los momentos m\u00e1s emocionantes de tu vida, y qu\u00e9 mejor manera de capturar este hermoso momento que con un reportaje de maternidad. En este blog, te guiar\u00e9 a trav\u00e9s de los pasos para prepararte adecuadamente y te ayudar\u00e9 a identificar el mejor momento para realizar tu sesi\u00f3n de [&hellip;]<\/p>\n","protected":false},"author":5,"featured_media":1632,"comment_status":"open","ping_status":"open","sticky":false,"template":"","format":"standard","meta":{"_et_pb_use_builder":"off","_et_pb_old_content":"","_et_gb_content_width":"","two_page_speed":[],"_joinchat":[],"footnotes":""},"categories":[1],"tags":[],"yoast_head":"<!-- This site is optimized with the Yoast SEO plugin v24.3 - https:\/\/yoast.com\/wordpress\/plugins\/seo\/ -->\n<title>Gu\u00eda para Futuras Mam\u00e1s en Tarragona: Preparaci\u00f3n y Momento Ideal para un Reportaje de Maternidad - Estudio fotogr\u00e1fico especializado en fotograf\u00eda infantil, maternidad, beb\u00e9s y familias en Vila Seca Tarragona | Dani Legaz Fotograf\u00eda<\/title>\n<meta name=\"robots\" content=\"index, follow, max-snippet:-1, max-image-preview:large, max-video-preview:-1\" \/>\n<link rel=\"canonical\" href=\"https:\/\/danilegazfotografo.com\/ca\/guia-para-futuras-mamas-en-tarragona-preparacion-y-momento-ideal-para-un-reportaje-de-maternidad\/\" \/>\n<meta property=\"og:locale\" content=\"ca_ES\" \/>\n<meta property=\"og:type\" content=\"article\" \/>\n<meta property=\"og:title\" content=\"Gu\u00eda para Futuras Mam\u00e1s en Tarragona: Preparaci\u00f3n y Momento Ideal para un Reportaje de Maternidad - Estudio fotogr\u00e1fico especializado en fotograf\u00eda infantil, maternidad, beb\u00e9s y familias en Vila Seca Tarragona | Dani Legaz Fotograf\u00eda\" \/>\n<meta property=\"og:description\" content=\"\u00a1Bienvenida futura mam\u00e1! Est\u00e1s en uno de los momentos m\u00e1s emocionantes de tu vida, y qu\u00e9 mejor manera de capturar este hermoso momento que con un reportaje de maternidad. En este blog, te guiar\u00e9 a trav\u00e9s de los pasos para prepararte adecuadamente y te ayudar\u00e9 a identificar el mejor momento para realizar tu sesi\u00f3n de [&hellip;]\" \/>\n<meta property=\"og:url\" content=\"https:\/\/danilegazfotografo.com\/ca\/guia-para-futuras-mamas-en-tarragona-preparacion-y-momento-ideal-para-un-reportaje-de-maternidad\/\" \/>\n<meta property=\"og:site_name\" content=\"Estudio fotogr\u00e1fico especializado en fotograf\u00eda infantil, maternidad, beb\u00e9s y familias en Vila Seca Tarragona | Dani Legaz Fotograf\u00eda\" \/>\n<meta property=\"article:published_time\" content=\"2024-03-02T09:32:25+00:00\" \/>\n<meta property=\"article:modified_time\" content=\"2024-03-02T09:32:29+00:00\" \/>\n<meta property=\"og:image\" content=\"https:\/\/danilegazfotografo.com\/wp-content\/uploads\/2024\/03\/2DL8118.jpg\" \/>\n\t<meta property=\"og:image:width\" content=\"1440\" \/>\n\t<meta property=\"og:image:height\" content=\"960\" \/>\n\t<meta property=\"og:image:type\" content=\"image\/jpeg\" \/>\n<meta name=\"author\" content=\"Mariona Legaz\" \/>\n<meta name=\"twitter:card\" content=\"summary_large_image\" \/>\n<meta name=\"twitter:label1\" content=\"Escrit per\" \/>\n\t<meta name=\"twitter:data1\" content=\"Mariona Legaz\" \/>\n\t<meta name=\"twitter:label2\" content=\"Temps estimat de lectura\" \/>\n\t<meta name=\"twitter:data2\" content=\"4 minuts\" \/>\n<script type=\"application\/ld+json\" class=\"yoast-schema-graph\">{\"@context\":\"https:\/\/schema.org\",\"@graph\":[{\"@type\":\"WebPage\",\"@id\":\"https:\/\/danilegazfotografo.com\/guia-para-futuras-mamas-en-tarragona-preparacion-y-momento-ideal-para-un-reportaje-de-maternidad\/\",\"url\":\"https:\/\/danilegazfotografo.com\/guia-para-futuras-mamas-en-tarragona-preparacion-y-momento-ideal-para-un-reportaje-de-maternidad\/\",\"name\":\"Gu\u00eda para Futuras Mam\u00e1s en Tarragona: Preparaci\u00f3n y Momento Ideal para un Reportaje de Maternidad - Estudio fotogr\u00e1fico especializado en fotograf\u00eda infantil, maternidad, beb\u00e9s y familias en Vila Seca Tarragona | Dani Legaz Fotograf\u00eda\",\"isPartOf\":{\"@id\":\"https:\/\/danilegazfotografo.com\/#website\"},\"primaryImageOfPage\":{\"@id\":\"https:\/\/danilegazfotografo.com\/guia-para-futuras-mamas-en-tarragona-preparacion-y-momento-ideal-para-un-reportaje-de-maternidad\/#primaryimage\"},\"image\":{\"@id\":\"https:\/\/danilegazfotografo.com\/guia-para-futuras-mamas-en-tarragona-preparacion-y-momento-ideal-para-un-reportaje-de-maternidad\/#primaryimage\"},\"thumbnailUrl\":\"https:\/\/danilegazfotografo.com\/wp-content\/uploads\/2024\/03\/2DL8118.jpg\",\"datePublished\":\"2024-03-02T09:32:25+00:00\",\"dateModified\":\"2024-03-02T09:32:29+00:00\",\"author\":{\"@id\":\"https:\/\/danilegazfotografo.com\/#\/schema\/person\/a20ecaf58c7031a6772444b1176dcc40\"},\"breadcrumb\":{\"@id\":\"https:\/\/danilegazfotografo.com\/guia-para-futuras-mamas-en-tarragona-preparacion-y-momento-ideal-para-un-reportaje-de-maternidad\/#breadcrumb\"},\"inLanguage\":\"ca\",\"potentialAction\":[{\"@type\":\"ReadAction\",\"target\":[\"https:\/\/danilegazfotografo.com\/guia-para-futuras-mamas-en-tarragona-preparacion-y-momento-ideal-para-un-reportaje-de-maternidad\/\"]}]},{\"@type\":\"ImageObject\",\"inLanguage\":\"ca\",\"@id\":\"https:\/\/danilegazfotografo.com\/guia-para-futuras-mamas-en-tarragona-preparacion-y-momento-ideal-para-un-reportaje-de-maternidad\/#primaryimage\",\"url\":\"https:\/\/danilegazfotografo.com\/wp-content\/uploads\/2024\/03\/2DL8118.jpg\",\"contentUrl\":\"https:\/\/danilegazfotografo.com\/wp-content\/uploads\/2024\/03\/2DL8118.jpg\",\"width\":1440,\"height\":960},{\"@type\":\"BreadcrumbList\",\"@id\":\"https:\/\/danilegazfotografo.com\/guia-para-futuras-mamas-en-tarragona-preparacion-y-momento-ideal-para-un-reportaje-de-maternidad\/#breadcrumb\",\"itemListElement\":[{\"@type\":\"ListItem\",\"position\":1,\"name\":\"Portada\",\"item\":\"https:\/\/danilegazfotografo.com\/\"},{\"@type\":\"ListItem\",\"position\":2,\"name\":\"Gu\u00eda para Futuras Mam\u00e1s en Tarragona: Preparaci\u00f3n y Momento Ideal para un Reportaje de Maternidad\"}]},{\"@type\":\"WebSite\",\"@id\":\"https:\/\/danilegazfotografo.com\/#website\",\"url\":\"https:\/\/danilegazfotografo.com\/\",\"name\":\"Estudio fotogr\u00e1fico especializado en fotograf\u00eda infantil, maternidad, beb\u00e9s y familias en Vila Seca Tarragona | Dani Legaz Fotograf\u00eda\",\"description\":\"En Dani Legaz Fotograf\u00eda, nuestro estudio fotogr\u00e1fico en Vila Seca Tarragona, somos especialistas en capturar los momentos m\u00e1s tiernos y emotivos de la vida de las familias. Ofrecemos reportajes en estudio y exteriores para beb\u00e9s, maternidad, ni\u00f1os y familias. \u00a1Cont\u00e1ctanos para crear juntos un recuerdo inolvidable!\",\"potentialAction\":[{\"@type\":\"SearchAction\",\"target\":{\"@type\":\"EntryPoint\",\"urlTemplate\":\"https:\/\/danilegazfotografo.com\/?s={search_term_string}\"},\"query-input\":{\"@type\":\"PropertyValueSpecification\",\"valueRequired\":true,\"valueName\":\"search_term_string\"}}],\"inLanguage\":\"ca\"},{\"@type\":\"Person\",\"@id\":\"https:\/\/danilegazfotografo.com\/#\/schema\/person\/a20ecaf58c7031a6772444b1176dcc40\",\"name\":\"Mariona Legaz\",\"image\":{\"@type\":\"ImageObject\",\"inLanguage\":\"ca\",\"@id\":\"https:\/\/danilegazfotografo.com\/#\/schema\/person\/image\/\",\"url\":\"https:\/\/secure.gravatar.com\/avatar\/cf542a96fcdca4398f9e763ab3d19337?s=96&d=mm&r=g\",\"contentUrl\":\"https:\/\/secure.gravatar.com\/avatar\/cf542a96fcdca4398f9e763ab3d19337?s=96&d=mm&r=g\",\"caption\":\"Mariona Legaz\"},\"url\":\"https:\/\/danilegazfotografo.com\/ca\/author\/mariona\/\"}]}<\/script>\n<!-- \/ Yoast SEO plugin. -->","yoast_head_json":{"title":"Gu\u00eda para Futuras Mam\u00e1s en Tarragona: Preparaci\u00f3n y Momento Ideal para un Reportaje de Maternidad - Estudio fotogr\u00e1fico especializado en fotograf\u00eda infantil, maternidad, beb\u00e9s y familias en Vila Seca Tarragona | Dani Legaz Fotograf\u00eda","robots":{"index":"index","follow":"follow","max-snippet":"max-snippet:-1","max-image-preview":"max-image-preview:large","max-video-preview":"max-video-preview:-1"},"canonical":"https:\/\/danilegazfotografo.com\/ca\/guia-para-futuras-mamas-en-tarragona-preparacion-y-momento-ideal-para-un-reportaje-de-maternidad\/","og_locale":"ca_ES","og_type":"article","og_title":"Gu\u00eda para Futuras Mam\u00e1s en Tarragona: Preparaci\u00f3n y Momento Ideal para un Reportaje de Maternidad - Estudio fotogr\u00e1fico especializado en fotograf\u00eda infantil, maternidad, beb\u00e9s y familias en Vila Seca Tarragona | Dani Legaz Fotograf\u00eda","og_description":"\u00a1Bienvenida futura mam\u00e1! Est\u00e1s en uno de los momentos m\u00e1s emocionantes de tu vida, y qu\u00e9 mejor manera de capturar este hermoso momento que con un reportaje de maternidad. En este blog, te guiar\u00e9 a trav\u00e9s de los pasos para prepararte adecuadamente y te ayudar\u00e9 a identificar el mejor momento para realizar tu sesi\u00f3n de [&hellip;]","og_url":"https:\/\/danilegazfotografo.com\/ca\/guia-para-futuras-mamas-en-tarragona-preparacion-y-momento-ideal-para-un-reportaje-de-maternidad\/","og_site_name":"Estudio fotogr\u00e1fico especializado en fotograf\u00eda infantil, maternidad, beb\u00e9s y familias en Vila Seca Tarragona | Dani Legaz Fotograf\u00eda","article_published_time":"2024-03-02T09:32:25+00:00","article_modified_time":"2024-03-02T09:32:29+00:00","og_image":[{"width":1440,"height":960,"url":"https:\/\/danilegazfotografo.com\/wp-content\/uploads\/2024\/03\/2DL8118.jpg","type":"image\/jpeg"}],"author":"Mariona Legaz","twitter_card":"summary_large_image","twitter_misc":{"Escrit per":"Mariona Legaz","Temps estimat de lectura":"4 minuts"},"schema":{"@context":"https:\/\/schema.org","@graph":[{"@type":"WebPage","@id":"https:\/\/danilegazfotografo.com\/guia-para-futuras-mamas-en-tarragona-preparacion-y-momento-ideal-para-un-reportaje-de-maternidad\/","url":"https:\/\/danilegazfotografo.com\/guia-para-futuras-mamas-en-tarragona-preparacion-y-momento-ideal-para-un-reportaje-de-maternidad\/","name":"Gu\u00eda para Futuras Mam\u00e1s en Tarragona: Preparaci\u00f3n y Momento Ideal para un Reportaje de Maternidad - Estudio fotogr\u00e1fico especializado en fotograf\u00eda infantil, maternidad, beb\u00e9s y familias en Vila Seca Tarragona | Dani Legaz Fotograf\u00eda","isPartOf":{"@id":"https:\/\/danilegazfotografo.com\/#website"},"primaryImageOfPage":{"@id":"https:\/\/danilegazfotografo.com\/guia-para-futuras-mamas-en-tarragona-preparacion-y-momento-ideal-para-un-reportaje-de-maternidad\/#primaryimage"},"image":{"@id":"https:\/\/danilegazfotografo.com\/guia-para-futuras-mamas-en-tarragona-preparacion-y-momento-ideal-para-un-reportaje-de-maternidad\/#primaryimage"},"thumbnailUrl":"https:\/\/danilegazfotografo.com\/wp-content\/uploads\/2024\/03\/2DL8118.jpg","datePublished":"2024-03-02T09:32:25+00:00","dateModified":"2024-03-02T09:32:29+00:00","author":{"@id":"https:\/\/danilegazfotografo.com\/#\/schema\/person\/a20ecaf58c7031a6772444b1176dcc40"},"breadcrumb":{"@id":"https:\/\/danilegazfotografo.com\/guia-para-futuras-mamas-en-tarragona-preparacion-y-momento-ideal-para-un-reportaje-de-maternidad\/#breadcrumb"},"inLanguage":"ca","potentialAction":[{"@type":"ReadAction","target":["https:\/\/danilegazfotografo.com\/guia-para-futuras-mamas-en-tarragona-preparacion-y-momento-ideal-para-un-reportaje-de-maternidad\/"]}]},{"@type":"ImageObject","inLanguage":"ca","@id":"https:\/\/danilegazfotografo.com\/guia-para-futuras-mamas-en-tarragona-preparacion-y-momento-ideal-para-un-reportaje-de-maternidad\/#primaryimage","url":"https:\/\/danilegazfotografo.com\/wp-content\/uploads\/2024\/03\/2DL8118.jpg","contentUrl":"https:\/\/danilegazfotografo.com\/wp-content\/uploads\/2024\/03\/2DL8118.jpg","width":1440,"height":960},{"@type":"BreadcrumbList","@id":"https:\/\/danilegazfotografo.com\/guia-para-futuras-mamas-en-tarragona-preparacion-y-momento-ideal-para-un-reportaje-de-maternidad\/#breadcrumb","itemListElement":[{"@type":"ListItem","position":1,"name":"Portada","item":"https:\/\/danilegazfotografo.com\/"},{"@type":"ListItem","position":2,"name":"Gu\u00eda para Futuras Mam\u00e1s en Tarragona: Preparaci\u00f3n y Momento Ideal para un Reportaje de Maternidad"}]},{"@type":"WebSite","@id":"https:\/\/danilegazfotografo.com\/#website","url":"https:\/\/danilegazfotografo.com\/","name":"Estudio fotogr\u00e1fico especializado en fotograf\u00eda infantil, maternidad, beb\u00e9s y familias en Vila Seca Tarragona | Dani Legaz Fotograf\u00eda","description":"En Dani Legaz Fotograf\u00eda, nuestro estudio fotogr\u00e1fico en Vila Seca Tarragona, somos especialistas en capturar los momentos m\u00e1s tiernos y emotivos de la vida de las familias. Ofrecemos reportajes en estudio y exteriores para beb\u00e9s, maternidad, ni\u00f1os y familias. \u00a1Cont\u00e1ctanos para crear juntos un recuerdo inolvidable!","potentialAction":[{"@type":"SearchAction","target":{"@type":"EntryPoint","urlTemplate":"https:\/\/danilegazfotografo.com\/?s={search_term_string}"},"query-input":{"@type":"PropertyValueSpecification","valueRequired":true,"valueName":"search_term_string"}}],"inLanguage":"ca"},{"@type":"Person","@id":"https:\/\/danilegazfotografo.com\/#\/schema\/person\/a20ecaf58c7031a6772444b1176dcc40","name":"Mariona Legaz","image":{"@type":"ImageObject","inLanguage":"ca","@id":"https:\/\/danilegazfotografo.com\/#\/schema\/person\/image\/","url":"https:\/\/secure.gravatar.com\/avatar\/cf542a96fcdca4398f9e763ab3d19337?s=96&d=mm&r=g","contentUrl":"https:\/\/secure.gravatar.com\/avatar\/cf542a96fcdca4398f9e763ab3d19337?s=96&d=mm&r=g","caption":"Mariona Legaz"},"url":"https:\/\/danilegazfotografo.com\/ca\/author\/mariona\/"}]}},"_links":{"self":[{"href":"https:\/\/danilegazfotografo.com\/ca\/wp-json\/wp\/v2\/posts\/1627"}],"collection":[{"href":"https:\/\/danilegazfotografo.com\/ca\/wp-json\/wp\/v2\/posts"}],"about":[{"href":"https:\/\/danilegazfotografo.com\/ca\/wp-json\/wp\/v2\/types\/post"}],"author":[{"embeddable":true,"href":"https:\/\/danilegazfotografo.com\/ca\/wp-json\/wp\/v2\/users\/5"}],"replies":[{"embeddable":true,"href":"https:\/\/danilegazfotografo.com\/ca\/wp-json\/wp\/v2\/comments?post=1627"}],"version-history":[{"count":1,"href":"https:\/\/danilegazfotografo.com\/ca\/wp-json\/wp\/v2\/posts\/1627\/revisions"}],"predecessor-version":[{"id":1633,"href":"https:\/\/danilegazfotografo.com\/ca\/wp-json\/wp\/v2\/posts\/1627\/revisions\/1633"}],"wp:featuredmedia":[{"embeddable":true,"href":"https:\/\/danilegazfotografo.com\/ca\/wp-json\/wp\/v2\/media\/1632"}],"wp:attachment":[{"href":"https:\/\/danilegazfotografo.com\/ca\/wp-json\/wp\/v2\/media?parent=1627"}],"wp:term":[{"taxonomy":"category","embeddable":true,"href":"https:\/\/danilegazfotografo.com\/ca\/wp-json\/wp\/v2\/categories?post=1627"},{"taxonomy":"post_tag","embeddable":true,"href":"https:\/\/danilegazfotografo.com\/ca\/wp-json\/wp\/v2\/tags?post=1627"}],"curies":[{"name":"wp","href":"https:\/\/api.w.org\/{rel}","templated":true}]}}