{"id":1613,"date":"2024-02-29T22:18:15","date_gmt":"2024-02-29T21:18:15","guid":{"rendered":"https:\/\/danilegazfotografo.com\/?p=1613"},"modified":"2024-03-02T09:58:43","modified_gmt":"2024-03-02T08:58:43","slug":"capturando-momentos-inolvidables-ellos-lo-merecen-todo","status":"publish","type":"post","link":"https:\/\/danilegazfotografo.com\/ca\/capturando-momentos-inolvidables-ellos-lo-merecen-todo\/","title":{"rendered":"Capturando Momentos Inolvidables: Ellos lo Merecen Todo"},"content":{"rendered":"<p>En nuestro estudio, creemos en la magia de los momentos capturados para la eternidad. En nuestra pr\u00f3xima campa\u00f1a fotogr\u00e1fica, queremos honrar a aquellos que merecen todo y m\u00e1s: nuestros abuelos y sus queridos nietos. Estamos emocionados de presentar \u00abEllos lo Merecen Todo\u00bb, una oportunidad \u00fanica para inmortalizar los v\u00ednculos especiales entre abuelos y nietos a trav\u00e9s de im\u00e1genes llenas de amor y ternura.<\/p>\n\n\n\n<h2 class=\"wp-block-heading\">Celebrando los V\u00ednculos Inquebrantables:<\/h2>\n\n\n\n<p>Los abuelos desempe\u00f1an un papel invaluable en nuestras vidas. Son una fuente de sabidur\u00eda, amor incondicional y complicidad. Hoy en d\u00eda, muchos abuelos desempe\u00f1an un papel activo en la crianza de nuestros hijos, brindando cuidado y apoyo sin esperar nada a cambio. A trav\u00e9s de nuestras fotograf\u00edas, queremos honrar este sacrificio y celebrar el amor incondicional que fluye entre abuelos y nietos.<\/p>\n\n\n\n<figure class=\"wp-block-image size-large\"><a href=\"https:\/\/danilegazfotografo.com\/wp-content\/uploads\/2024\/02\/CLOE_034.jpg\"><img loading=\"lazy\" decoding=\"async\" width=\"1024\" height=\"683\" src=\"https:\/\/danilegazfotografo.com\/wp-content\/uploads\/2024\/02\/CLOE_034-1024x683.jpg\" alt=\"\" class=\"wp-image-1617\" srcset=\"https:\/\/danilegazfotografo.com\/wp-content\/uploads\/2024\/02\/CLOE_034-980x653.jpg 980w, https:\/\/danilegazfotografo.com\/wp-content\/uploads\/2024\/02\/CLOE_034-480x320.jpg 480w\" sizes=\"(min-width: 0px) and (max-width: 480px) 480px, (min-width: 481px) and (max-width: 980px) 980px, (min-width: 981px) 1024px, 100vw\" \/><\/a><\/figure>\n\n\n\n<h2 class=\"wp-block-heading\">La Experiencia en Nuestro Estudio:<\/h2>\n\n\n\n<p>Nuestro estudio ofrece un entorno acogedor y confortable, tanto en interiores como en exteriores, perfecto para crear im\u00e1genes que transmitan la verdadera esencia de cada familia. Con una atenci\u00f3n meticulosa a los detalles y un enfoque personalizado, nos aseguramos de que cada sesi\u00f3n sea una experiencia memorable y \u00fanica.<\/p>\n\n\n\n<figure class=\"wp-block-image size-large\"><a href=\"https:\/\/danilegazfotografo.com\/wp-content\/uploads\/2024\/02\/JUANI-Y-ASIER_002.jpg\"><img loading=\"lazy\" decoding=\"async\" width=\"1024\" height=\"683\" src=\"https:\/\/danilegazfotografo.com\/wp-content\/uploads\/2024\/02\/JUANI-Y-ASIER_002-1024x683.jpg\" alt=\"\" class=\"wp-image-1618\" srcset=\"https:\/\/danilegazfotografo.com\/wp-content\/uploads\/2024\/02\/JUANI-Y-ASIER_002-980x653.jpg 980w, https:\/\/danilegazfotografo.com\/wp-content\/uploads\/2024\/02\/JUANI-Y-ASIER_002-480x320.jpg 480w\" sizes=\"(min-width: 0px) and (max-width: 480px) 480px, (min-width: 481px) and (max-width: 980px) 980px, (min-width: 981px) 1024px, 100vw\" \/><\/a><\/figure>\n\n\n\n<h2 class=\"wp-block-heading\">Conectando Generaciones:<\/h2>\n\n\n\n<p>\u00abEllos lo Merecen Todo\u00bb es m\u00e1s que una simple sesi\u00f3n de fotos; es una oportunidad para celebrar la conexi\u00f3n especial entre abuelos y nietos. Desde las travesuras juguetonas hasta los momentos de tranquilidad compartidos, cada imagen capturar\u00e1 la belleza de esta relaci\u00f3n intergeneracional. Conservar recuerdos de esta \u00e9poca no solo tendr\u00e1 un valor incalculable para los abuelos, sino que tambi\u00e9n proporcionar\u00e1 a los nietos un tesoro de amor y conexi\u00f3n familiar que perdurar\u00e1 para siempre.<\/p>\n\n\n\n<figure class=\"wp-block-image aligncenter size-full is-resized\"><a href=\"https:\/\/wa.me\/34671031960\"><img loading=\"lazy\" decoding=\"async\" src=\"https:\/\/danilegazfotografo.com\/wp-content\/uploads\/2023\/02\/15.png\" alt=\"\" class=\"wp-image-401\" width=\"429\" height=\"123\"\/><\/a><\/figure>\n\n\n\n<h2 class=\"wp-block-heading\">Reserva tu Sesi\u00f3n:<\/h2>\n\n\n\n<p>\u00bfEst\u00e1s listo para crear recuerdos que perdurar\u00e1n para siempre? Reserva tu sesi\u00f3n para \u00abEllos lo Merecen Todo\u00bb hoy mismo y \u00fanete a nosotros en la celebraci\u00f3n de los lazos familiares m\u00e1s preciosos. No dejes pasar esta oportunidad de crear recuerdos que atesorar\u00e1s para toda la vida.<\/p>\n\n\n\n<p>En nuestro estudio, creemos en la importancia de celebrar los momentos especiales y las relaciones significativas. Con \u00abEllos lo Merecen Todo\u00bb, estamos emocionados de ofrecer una experiencia \u00fanica para inmortalizar los lazos entre abuelos y nietos. \u00danete a nosotros en esta hermosa jornada de amor, risas y recuerdos inolvidables. \u00a1Reserva tu sesi\u00f3n hoy y comienza a crear recuerdos que durar\u00e1n toda la vida!<\/p>\n\n\n\n<figure class=\"wp-block-image size-large\"><a href=\"https:\/\/danilegazfotografo.com\/wp-content\/uploads\/2024\/02\/103-AN\u0303OS-_106.jpg\"><img loading=\"lazy\" decoding=\"async\" width=\"683\" height=\"1024\" src=\"https:\/\/danilegazfotografo.com\/wp-content\/uploads\/2024\/02\/103-AN\u0303OS-_106-683x1024.jpg\" alt=\"\" class=\"wp-image-1619\" srcset=\"https:\/\/danilegazfotografo.com\/wp-content\/uploads\/2024\/02\/103-AN\u0303OS-_106-683x1024.jpg 683w, https:\/\/danilegazfotografo.com\/wp-content\/uploads\/2024\/02\/103-AN\u0303OS-_106-200x300.jpg 200w, https:\/\/danilegazfotografo.com\/wp-content\/uploads\/2024\/02\/103-AN\u0303OS-_106-768x1152.jpg 768w, https:\/\/danilegazfotografo.com\/wp-content\/uploads\/2024\/02\/103-AN\u0303OS-_106-1024x1536.jpg 1024w, https:\/\/danilegazfotografo.com\/wp-content\/uploads\/2024\/02\/103-AN\u0303OS-_106-8x12.jpg 8w, https:\/\/danilegazfotografo.com\/wp-content\/uploads\/2024\/02\/103-AN\u0303OS-_106-1080x1620.jpg 1080w, https:\/\/danilegazfotografo.com\/wp-content\/uploads\/2024\/02\/103-AN\u0303OS-_106-980x1470.jpg 980w, https:\/\/danilegazfotografo.com\/wp-content\/uploads\/2024\/02\/103-AN\u0303OS-_106-480x720.jpg 480w, https:\/\/danilegazfotografo.com\/wp-content\/uploads\/2024\/02\/103-AN\u0303OS-_106.jpg 1280w\" sizes=\"(max-width: 683px) 100vw, 683px\" \/><\/a><\/figure>\n\n\n\n<figure class=\"wp-block-image aligncenter size-full is-resized\"><a href=\"https:\/\/danilegazfotografo.reservas.uphlow.com\/agenda-2023-2024\"><img loading=\"lazy\" decoding=\"async\" src=\"https:\/\/danilegazfotografo.com\/wp-content\/uploads\/2023\/02\/12.png\" alt=\"\" class=\"wp-image-398\" width=\"439\" height=\"125\"\/><\/a><\/figure>\n\n\n\n<p><\/p>","protected":false},"excerpt":{"rendered":"<p>En nuestro estudio, creemos en la magia de los momentos capturados para la eternidad. En nuestra pr\u00f3xima campa\u00f1a fotogr\u00e1fica, queremos honrar a aquellos que merecen todo y m\u00e1s: nuestros abuelos y sus queridos nietos. Estamos emocionados de presentar \u00abEllos lo Merecen Todo\u00bb, una oportunidad \u00fanica para inmortalizar los v\u00ednculos especiales entre abuelos y nietos a [&hellip;]<\/p>\n","protected":false},"author":5,"featured_media":1614,"comment_status":"open","ping_status":"open","sticky":false,"template":"","format":"standard","meta":{"_et_pb_use_builder":"off","_et_pb_old_content":"","_et_gb_content_width":"","two_page_speed":[],"_joinchat":[],"footnotes":""},"categories":[1],"tags":[],"yoast_head":"<!-- This site is optimized with the Yoast SEO plugin v24.3 - https:\/\/yoast.com\/wordpress\/plugins\/seo\/ -->\n<title>Capturando Momentos Inolvidables: Ellos lo Merecen Todo - Estudio fotogr\u00e1fico especializado en fotograf\u00eda infantil, maternidad, beb\u00e9s y familias en Vila Seca Tarragona | Dani Legaz Fotograf\u00eda<\/title>\n<meta name=\"robots\" content=\"index, follow, max-snippet:-1, max-image-preview:large, max-video-preview:-1\" \/>\n<link rel=\"canonical\" href=\"https:\/\/danilegazfotografo.com\/ca\/capturando-momentos-inolvidables-ellos-lo-merecen-todo\/\" \/>\n<meta property=\"og:locale\" content=\"ca_ES\" \/>\n<meta property=\"og:type\" content=\"article\" \/>\n<meta property=\"og:title\" content=\"Capturando Momentos Inolvidables: Ellos lo Merecen Todo - Estudio fotogr\u00e1fico especializado en fotograf\u00eda infantil, maternidad, beb\u00e9s y familias en Vila Seca Tarragona | Dani Legaz Fotograf\u00eda\" \/>\n<meta property=\"og:description\" content=\"En nuestro estudio, creemos en la magia de los momentos capturados para la eternidad. En nuestra pr\u00f3xima campa\u00f1a fotogr\u00e1fica, queremos honrar a aquellos que merecen todo y m\u00e1s: nuestros abuelos y sus queridos nietos. Estamos emocionados de presentar \u00abEllos lo Merecen Todo\u00bb, una oportunidad \u00fanica para inmortalizar los v\u00ednculos especiales entre abuelos y nietos a [&hellip;]\" \/>\n<meta property=\"og:url\" content=\"https:\/\/danilegazfotografo.com\/ca\/capturando-momentos-inolvidables-ellos-lo-merecen-todo\/\" \/>\n<meta property=\"og:site_name\" content=\"Estudio fotogr\u00e1fico especializado en fotograf\u00eda infantil, maternidad, beb\u00e9s y familias en Vila Seca Tarragona | Dani Legaz Fotograf\u00eda\" \/>\n<meta property=\"article:published_time\" content=\"2024-02-29T21:18:15+00:00\" \/>\n<meta property=\"article:modified_time\" content=\"2024-03-02T08:58:43+00:00\" \/>\n<meta property=\"og:image\" content=\"https:\/\/danilegazfotografo.com\/wp-content\/uploads\/2024\/02\/103-AN\u0303OS-_021.jpg\" \/>\n\t<meta property=\"og:image:width\" content=\"1920\" \/>\n\t<meta property=\"og:image:height\" content=\"1280\" \/>\n\t<meta property=\"og:image:type\" content=\"image\/jpeg\" \/>\n<meta name=\"author\" content=\"Mariona Legaz\" \/>\n<meta name=\"twitter:card\" content=\"summary_large_image\" \/>\n<meta name=\"twitter:label1\" content=\"Escrit per\" \/>\n\t<meta name=\"twitter:data1\" content=\"Mariona Legaz\" \/>\n\t<meta name=\"twitter:label2\" content=\"Temps estimat de lectura\" \/>\n\t<meta name=\"twitter:data2\" content=\"3 minuts\" \/>\n<script type=\"application\/ld+json\" class=\"yoast-schema-graph\">{\"@context\":\"https:\/\/schema.org\",\"@graph\":[{\"@type\":\"WebPage\",\"@id\":\"https:\/\/danilegazfotografo.com\/capturando-momentos-inolvidables-ellos-lo-merecen-todo\/\",\"url\":\"https:\/\/danilegazfotografo.com\/capturando-momentos-inolvidables-ellos-lo-merecen-todo\/\",\"name\":\"Capturando Momentos Inolvidables: Ellos lo Merecen Todo - Estudio fotogr\u00e1fico especializado en fotograf\u00eda infantil, maternidad, beb\u00e9s y familias en Vila Seca Tarragona | Dani Legaz Fotograf\u00eda\",\"isPartOf\":{\"@id\":\"https:\/\/danilegazfotografo.com\/#website\"},\"primaryImageOfPage\":{\"@id\":\"https:\/\/danilegazfotografo.com\/capturando-momentos-inolvidables-ellos-lo-merecen-todo\/#primaryimage\"},\"image\":{\"@id\":\"https:\/\/danilegazfotografo.com\/capturando-momentos-inolvidables-ellos-lo-merecen-todo\/#primaryimage\"},\"thumbnailUrl\":\"https:\/\/danilegazfotografo.com\/wp-content\/uploads\/2024\/02\/103-AN\u0303OS-_021.jpg\",\"datePublished\":\"2024-02-29T21:18:15+00:00\",\"dateModified\":\"2024-03-02T08:58:43+00:00\",\"author\":{\"@id\":\"https:\/\/danilegazfotografo.com\/#\/schema\/person\/a20ecaf58c7031a6772444b1176dcc40\"},\"breadcrumb\":{\"@id\":\"https:\/\/danilegazfotografo.com\/capturando-momentos-inolvidables-ellos-lo-merecen-todo\/#breadcrumb\"},\"inLanguage\":\"ca\",\"potentialAction\":[{\"@type\":\"ReadAction\",\"target\":[\"https:\/\/danilegazfotografo.com\/capturando-momentos-inolvidables-ellos-lo-merecen-todo\/\"]}]},{\"@type\":\"ImageObject\",\"inLanguage\":\"ca\",\"@id\":\"https:\/\/danilegazfotografo.com\/capturando-momentos-inolvidables-ellos-lo-merecen-todo\/#primaryimage\",\"url\":\"https:\/\/danilegazfotografo.com\/wp-content\/uploads\/2024\/02\/103-AN\u0303OS-_021.jpg\",\"contentUrl\":\"https:\/\/danilegazfotografo.com\/wp-content\/uploads\/2024\/02\/103-AN\u0303OS-_021.jpg\",\"width\":1920,\"height\":1280},{\"@type\":\"BreadcrumbList\",\"@id\":\"https:\/\/danilegazfotografo.com\/capturando-momentos-inolvidables-ellos-lo-merecen-todo\/#breadcrumb\",\"itemListElement\":[{\"@type\":\"ListItem\",\"position\":1,\"name\":\"Portada\",\"item\":\"https:\/\/danilegazfotografo.com\/\"},{\"@type\":\"ListItem\",\"position\":2,\"name\":\"Capturando Momentos Inolvidables: Ellos lo Merecen Todo\"}]},{\"@type\":\"WebSite\",\"@id\":\"https:\/\/danilegazfotografo.com\/#website\",\"url\":\"https:\/\/danilegazfotografo.com\/\",\"name\":\"Estudio fotogr\u00e1fico especializado en fotograf\u00eda infantil, maternidad, beb\u00e9s y familias en Vila Seca Tarragona | Dani Legaz Fotograf\u00eda\",\"description\":\"En Dani Legaz Fotograf\u00eda, nuestro estudio fotogr\u00e1fico en Vila Seca Tarragona, somos especialistas en capturar los momentos m\u00e1s tiernos y emotivos de la vida de las familias. Ofrecemos reportajes en estudio y exteriores para beb\u00e9s, maternidad, ni\u00f1os y familias. \u00a1Cont\u00e1ctanos para crear juntos un recuerdo inolvidable!\",\"potentialAction\":[{\"@type\":\"SearchAction\",\"target\":{\"@type\":\"EntryPoint\",\"urlTemplate\":\"https:\/\/danilegazfotografo.com\/?s={search_term_string}\"},\"query-input\":{\"@type\":\"PropertyValueSpecification\",\"valueRequired\":true,\"valueName\":\"search_term_string\"}}],\"inLanguage\":\"ca\"},{\"@type\":\"Person\",\"@id\":\"https:\/\/danilegazfotografo.com\/#\/schema\/person\/a20ecaf58c7031a6772444b1176dcc40\",\"name\":\"Mariona Legaz\",\"image\":{\"@type\":\"ImageObject\",\"inLanguage\":\"ca\",\"@id\":\"https:\/\/danilegazfotografo.com\/#\/schema\/person\/image\/\",\"url\":\"https:\/\/secure.gravatar.com\/avatar\/cf542a96fcdca4398f9e763ab3d19337?s=96&d=mm&r=g\",\"contentUrl\":\"https:\/\/secure.gravatar.com\/avatar\/cf542a96fcdca4398f9e763ab3d19337?s=96&d=mm&r=g\",\"caption\":\"Mariona Legaz\"},\"url\":\"https:\/\/danilegazfotografo.com\/ca\/author\/mariona\/\"}]}<\/script>\n<!-- \/ Yoast SEO plugin. -->","yoast_head_json":{"title":"Capturando Momentos Inolvidables: Ellos lo Merecen Todo - Estudio fotogr\u00e1fico especializado en fotograf\u00eda infantil, maternidad, beb\u00e9s y familias en Vila Seca Tarragona | Dani Legaz Fotograf\u00eda","robots":{"index":"index","follow":"follow","max-snippet":"max-snippet:-1","max-image-preview":"max-image-preview:large","max-video-preview":"max-video-preview:-1"},"canonical":"https:\/\/danilegazfotografo.com\/ca\/capturando-momentos-inolvidables-ellos-lo-merecen-todo\/","og_locale":"ca_ES","og_type":"article","og_title":"Capturando Momentos Inolvidables: Ellos lo Merecen Todo - Estudio fotogr\u00e1fico especializado en fotograf\u00eda infantil, maternidad, beb\u00e9s y familias en Vila Seca Tarragona | Dani Legaz Fotograf\u00eda","og_description":"En nuestro estudio, creemos en la magia de los momentos capturados para la eternidad. En nuestra pr\u00f3xima campa\u00f1a fotogr\u00e1fica, queremos honrar a aquellos que merecen todo y m\u00e1s: nuestros abuelos y sus queridos nietos. Estamos emocionados de presentar \u00abEllos lo Merecen Todo\u00bb, una oportunidad \u00fanica para inmortalizar los v\u00ednculos especiales entre abuelos y nietos a [&hellip;]","og_url":"https:\/\/danilegazfotografo.com\/ca\/capturando-momentos-inolvidables-ellos-lo-merecen-todo\/","og_site_name":"Estudio fotogr\u00e1fico especializado en fotograf\u00eda infantil, maternidad, beb\u00e9s y familias en Vila Seca Tarragona | Dani Legaz Fotograf\u00eda","article_published_time":"2024-02-29T21:18:15+00:00","article_modified_time":"2024-03-02T08:58:43+00:00","og_image":[{"width":1920,"height":1280,"url":"https:\/\/danilegazfotografo.com\/wp-content\/uploads\/2024\/02\/103-AN\u0303OS-_021.jpg","type":"image\/jpeg"}],"author":"Mariona Legaz","twitter_card":"summary_large_image","twitter_misc":{"Escrit per":"Mariona Legaz","Temps estimat de lectura":"3 minuts"},"schema":{"@context":"https:\/\/schema.org","@graph":[{"@type":"WebPage","@id":"https:\/\/danilegazfotografo.com\/capturando-momentos-inolvidables-ellos-lo-merecen-todo\/","url":"https:\/\/danilegazfotografo.com\/capturando-momentos-inolvidables-ellos-lo-merecen-todo\/","name":"Capturando Momentos Inolvidables: Ellos lo Merecen Todo - Estudio fotogr\u00e1fico especializado en fotograf\u00eda infantil, maternidad, beb\u00e9s y familias en Vila Seca Tarragona | Dani Legaz Fotograf\u00eda","isPartOf":{"@id":"https:\/\/danilegazfotografo.com\/#website"},"primaryImageOfPage":{"@id":"https:\/\/danilegazfotografo.com\/capturando-momentos-inolvidables-ellos-lo-merecen-todo\/#primaryimage"},"image":{"@id":"https:\/\/danilegazfotografo.com\/capturando-momentos-inolvidables-ellos-lo-merecen-todo\/#primaryimage"},"thumbnailUrl":"https:\/\/danilegazfotografo.com\/wp-content\/uploads\/2024\/02\/103-AN\u0303OS-_021.jpg","datePublished":"2024-02-29T21:18:15+00:00","dateModified":"2024-03-02T08:58:43+00:00","author":{"@id":"https:\/\/danilegazfotografo.com\/#\/schema\/person\/a20ecaf58c7031a6772444b1176dcc40"},"breadcrumb":{"@id":"https:\/\/danilegazfotografo.com\/capturando-momentos-inolvidables-ellos-lo-merecen-todo\/#breadcrumb"},"inLanguage":"ca","potentialAction":[{"@type":"ReadAction","target":["https:\/\/danilegazfotografo.com\/capturando-momentos-inolvidables-ellos-lo-merecen-todo\/"]}]},{"@type":"ImageObject","inLanguage":"ca","@id":"https:\/\/danilegazfotografo.com\/capturando-momentos-inolvidables-ellos-lo-merecen-todo\/#primaryimage","url":"https:\/\/danilegazfotografo.com\/wp-content\/uploads\/2024\/02\/103-AN\u0303OS-_021.jpg","contentUrl":"https:\/\/danilegazfotografo.com\/wp-content\/uploads\/2024\/02\/103-AN\u0303OS-_021.jpg","width":1920,"height":1280},{"@type":"BreadcrumbList","@id":"https:\/\/danilegazfotografo.com\/capturando-momentos-inolvidables-ellos-lo-merecen-todo\/#breadcrumb","itemListElement":[{"@type":"ListItem","position":1,"name":"Portada","item":"https:\/\/danilegazfotografo.com\/"},{"@type":"ListItem","position":2,"name":"Capturando Momentos Inolvidables: Ellos lo Merecen Todo"}]},{"@type":"WebSite","@id":"https:\/\/danilegazfotografo.com\/#website","url":"https:\/\/danilegazfotografo.com\/","name":"Estudio fotogr\u00e1fico especializado en fotograf\u00eda infantil, maternidad, beb\u00e9s y familias en Vila Seca Tarragona | Dani Legaz Fotograf\u00eda","description":"En Dani Legaz Fotograf\u00eda, nuestro estudio fotogr\u00e1fico en Vila Seca Tarragona, somos especialistas en capturar los momentos m\u00e1s tiernos y emotivos de la vida de las familias. Ofrecemos reportajes en estudio y exteriores para beb\u00e9s, maternidad, ni\u00f1os y familias. \u00a1Cont\u00e1ctanos para crear juntos un recuerdo inolvidable!","potentialAction":[{"@type":"SearchAction","target":{"@type":"EntryPoint","urlTemplate":"https:\/\/danilegazfotografo.com\/?s={search_term_string}"},"query-input":{"@type":"PropertyValueSpecification","valueRequired":true,"valueName":"search_term_string"}}],"inLanguage":"ca"},{"@type":"Person","@id":"https:\/\/danilegazfotografo.com\/#\/schema\/person\/a20ecaf58c7031a6772444b1176dcc40","name":"Mariona Legaz","image":{"@type":"ImageObject","inLanguage":"ca","@id":"https:\/\/danilegazfotografo.com\/#\/schema\/person\/image\/","url":"https:\/\/secure.gravatar.com\/avatar\/cf542a96fcdca4398f9e763ab3d19337?s=96&d=mm&r=g","contentUrl":"https:\/\/secure.gravatar.com\/avatar\/cf542a96fcdca4398f9e763ab3d19337?s=96&d=mm&r=g","caption":"Mariona Legaz"},"url":"https:\/\/danilegazfotografo.com\/ca\/author\/mariona\/"}]}},"_links":{"self":[{"href":"https:\/\/danilegazfotografo.com\/ca\/wp-json\/wp\/v2\/posts\/1613"}],"collection":[{"href":"https:\/\/danilegazfotografo.com\/ca\/wp-json\/wp\/v2\/posts"}],"about":[{"href":"https:\/\/danilegazfotografo.com\/ca\/wp-json\/wp\/v2\/types\/post"}],"author":[{"embeddable":true,"href":"https:\/\/danilegazfotografo.com\/ca\/wp-json\/wp\/v2\/users\/5"}],"replies":[{"embeddable":true,"href":"https:\/\/danilegazfotografo.com\/ca\/wp-json\/wp\/v2\/comments?post=1613"}],"version-history":[{"count":4,"href":"https:\/\/danilegazfotografo.com\/ca\/wp-json\/wp\/v2\/posts\/1613\/revisions"}],"predecessor-version":[{"id":1626,"href":"https:\/\/danilegazfotografo.com\/ca\/wp-json\/wp\/v2\/posts\/1613\/revisions\/1626"}],"wp:featuredmedia":[{"embeddable":true,"href":"https:\/\/danilegazfotografo.com\/ca\/wp-json\/wp\/v2\/media\/1614"}],"wp:attachment":[{"href":"https:\/\/danilegazfotografo.com\/ca\/wp-json\/wp\/v2\/media?parent=1613"}],"wp:term":[{"taxonomy":"category","embeddable":true,"href":"https:\/\/danilegazfotografo.com\/ca\/wp-json\/wp\/v2\/categories?post=1613"},{"taxonomy":"post_tag","embeddable":true,"href":"https:\/\/danilegazfotografo.com\/ca\/wp-json\/wp\/v2\/tags?post=1613"}],"curies":[{"name":"wp","href":"https:\/\/api.w.org\/{rel}","templated":true}]}}